{"id":2211,"date":"2025-07-22T20:34:45","date_gmt":"2025-07-22T20:34:45","guid":{"rendered":"https:\/\/www.nativu.org\/?p=2211"},"modified":"2025-07-22T20:38:57","modified_gmt":"2025-07-22T20:38:57","slug":"une-patrimunincha-a-represente-la-corse-lors-du-14-juillet","status":"publish","type":"post","link":"https:\/\/www.nativu.org\/?p=2211","title":{"rendered":"Une Patrimunincha a repr\u00e9sent\u00e9 la Corse lors du 14 juillet."},"content":{"rendered":"\n<div class=\"wp-block-media-text is-stacked-on-mobile\"><figure class=\"wp-block-media-text__media\"><img loading=\"lazy\" decoding=\"async\" width=\"683\" height=\"1024\" src=\"https:\/\/www.nativu.org\/wp-content\/uploads\/2025\/07\/HVPH2353-683x1024.jpg\" alt=\"\" class=\"wp-image-2212 size-full\" srcset=\"https:\/\/www.nativu.org\/wp-content\/uploads\/2025\/07\/HVPH2353-683x1024.jpg 683w, https:\/\/www.nativu.org\/wp-content\/uploads\/2025\/07\/HVPH2353-200x300.jpg 200w, https:\/\/www.nativu.org\/wp-content\/uploads\/2025\/07\/HVPH2353-100x150.jpg 100w, https:\/\/www.nativu.org\/wp-content\/uploads\/2025\/07\/HVPH2353-768x1152.jpg 768w, https:\/\/www.nativu.org\/wp-content\/uploads\/2025\/07\/HVPH2353-1024x1536.jpg 1024w, https:\/\/www.nativu.org\/wp-content\/uploads\/2025\/07\/HVPH2353.jpg 1066w\" sizes=\"auto, (max-width: 683px) 100vw, 683px\" \/><\/figure><div class=\"wp-block-media-text__content\">\n<p>Une jeune de Patrimonio et membre de notre association, L\u00e9andra Bernard Leccia, a repr\u00e9sent\u00e9 la Corse \u00e0 Paris le 14 juillet. S\u00e9lectionn\u00e9e dans le cadre de l&rsquo;op\u00e9ration \u00ab\u00a0jeunes porte-drapeaux\u00a0\u00bb organis\u00e9e par l&rsquo;Office National des Anciens Combattants et Victimes de Guerre, elle a pu assister au d\u00e9fil\u00e9 sur les Champs-Elys\u00e9es aux c\u00f4t\u00e9s de 21 autres jeunes repr\u00e9sentant leur r\u00e9gion. <\/p>\n\n\n\n<p><em>\u00ab\u00a0Cette initiative vise \u00e0 encourager les jeunes g\u00e9n\u00e9rations \u00e0 rendre hommage \u00e0 celles et ceux qui ont combattu et combattent encore pour d\u00e9fendre les valeurs de la R\u00e9publique\u00a0\u00bb<\/em>, indique la pr\u00e9fecture de la Haute-Corse. <\/p>\n\n\n\n<p>L\u00e9andra a repr\u00e9sent\u00e9 notre \u00eele lors d&rsquo;une c\u00e9r\u00e9monie au monument aux morts pour la France en op\u00e9rations ext\u00e9rieures dans le XV\u00e8me arrondissement de la capitale, mais \u00e9galement lors de la c\u00e9r\u00e9monie du ravivage de la flamme sur la tombe du soldat inconnu \u00e0 l&rsquo;arc de triomphe, illustrant <em>\u00ab\u00a0l&rsquo;hommage rendu aux combattants de la libert\u00e9 au cours de tous les conflits et le devoir de m\u00e9moire qui s&rsquo;impose \u00e0 nous tous<\/em>, souligne la pr\u00e9fecture de Haute-Corse.<em>\u00ab\u00a0<\/em><\/p>\n<\/div><\/div>\n\n\n\n<p><\/p>\n","protected":false},"excerpt":{"rendered":"<p>Une jeune de Patrimonio et membre de notre association, L\u00e9andra Bernard Leccia, a repr\u00e9sent\u00e9 la Corse \u00e0 Paris le 14 [&hellip;]<\/p>\n","protected":false},"author":1,"featured_media":2213,"comment_status":"open","ping_status":"open","sticky":false,"template":"","format":"standard","meta":{"site-sidebar-layout":"default","site-content-layout":"","ast-site-content-layout":"default","site-content-style":"default","site-sidebar-style":"default","ast-global-header-display":"","ast-banner-title-visibility":"","ast-main-header-display":"","ast-hfb-above-header-display":"","ast-hfb-below-header-display":"","ast-hfb-mobile-header-display":"","site-post-title":"","ast-breadcrumbs-content":"","ast-featured-img":"","footer-sml-layout":"","ast-disable-related-posts":"","theme-transparent-header-meta":"","adv-header-id-meta":"","stick-header-meta":"","header-above-stick-meta":"","header-main-stick-meta":"","header-below-stick-meta":"","astra-migrate-meta-layouts":"default","ast-page-background-enabled":"default","ast-page-background-meta":{"desktop":{"background-color":"var(--ast-global-color-4)","background-image":"","background-repeat":"repeat","background-position":"center center","background-size":"auto","background-attachment":"scroll","background-type":"","background-media":"","overlay-type":"","overlay-color":"","overlay-opacity":"","overlay-gradient":""},"tablet":{"background-color":"","background-image":"","background-repeat":"repeat","background-position":"center center","background-size":"auto","background-attachment":"scroll","background-type":"","background-media":"","overlay-type":"","overlay-color":"","overlay-opacity":"","overlay-gradient":""},"mobile":{"background-color":"","background-image":"","background-repeat":"repeat","background-position":"center center","background-size":"auto","background-attachment":"scroll","background-type":"","background-media":"","overlay-type":"","overlay-color":"","overlay-opacity":"","overlay-gradient":""}},"ast-content-background-meta":{"desktop":{"background-color":"var(--ast-global-color-5)","background-image":"","background-repeat":"repeat","background-position":"center center","background-size":"auto","background-attachment":"scroll","background-type":"","background-media":"","overlay-type":"","overlay-color":"","overlay-opacity":"","overlay-gradient":""},"tablet":{"background-color":"var(--ast-global-color-5)","background-image":"","background-repeat":"repeat","background-position":"center center","background-size":"auto","background-attachment":"scroll","background-type":"","background-media":"","overlay-type":"","overlay-color":"","overlay-opacity":"","overlay-gradient":""},"mobile":{"background-color":"var(--ast-global-color-5)","background-image":"","background-repeat":"repeat","background-position":"center center","background-size":"auto","background-attachment":"scroll","background-type":"","background-media":"","overlay-type":"","overlay-color":"","overlay-opacity":"","overlay-gradient":""}},"footnotes":""},"categories":[11],"tags":[62],"class_list":["post-2211","post","type-post","status-publish","format-standard","has-post-thumbnail","hentry","category-evenements","tag-commemoration"],"_links":{"self":[{"href":"https:\/\/www.nativu.org\/index.php?rest_route=\/wp\/v2\/posts\/2211","targetHints":{"allow":["GET"]}}],"collection":[{"href":"https:\/\/www.nativu.org\/index.php?rest_route=\/wp\/v2\/posts"}],"about":[{"href":"https:\/\/www.nativu.org\/index.php?rest_route=\/wp\/v2\/types\/post"}],"author":[{"embeddable":true,"href":"https:\/\/www.nativu.org\/index.php?rest_route=\/wp\/v2\/users\/1"}],"replies":[{"embeddable":true,"href":"https:\/\/www.nativu.org\/index.php?rest_route=%2Fwp%2Fv2%2Fcomments&post=2211"}],"version-history":[{"count":2,"href":"https:\/\/www.nativu.org\/index.php?rest_route=\/wp\/v2\/posts\/2211\/revisions"}],"predecessor-version":[{"id":2215,"href":"https:\/\/www.nativu.org\/index.php?rest_route=\/wp\/v2\/posts\/2211\/revisions\/2215"}],"wp:featuredmedia":[{"embeddable":true,"href":"https:\/\/www.nativu.org\/index.php?rest_route=\/wp\/v2\/media\/2213"}],"wp:attachment":[{"href":"https:\/\/www.nativu.org\/index.php?rest_route=%2Fwp%2Fv2%2Fmedia&parent=2211"}],"wp:term":[{"taxonomy":"category","embeddable":true,"href":"https:\/\/www.nativu.org\/index.php?rest_route=%2Fwp%2Fv2%2Fcategories&post=2211"},{"taxonomy":"post_tag","embeddable":true,"href":"https:\/\/www.nativu.org\/index.php?rest_route=%2Fwp%2Fv2%2Ftags&post=2211"}],"curies":[{"name":"wp","href":"https:\/\/api.w.org\/{rel}","templated":true}]}}