{"id":1249,"date":"2018-11-04T20:22:00","date_gmt":"2018-11-04T20:22:00","guid":{"rendered":"https:\/\/www.nativu.org\/?p=1249"},"modified":"2024-11-17T18:26:24","modified_gmt":"2024-11-17T18:26:24","slug":"guerre-1914-1918-les-combattants-de-patrimonio","status":"publish","type":"post","link":"https:\/\/www.nativu.org\/?p=1249","title":{"rendered":"Guerre 1914-1918 : Les combattants de Patrimonio"},"content":{"rendered":"\n<p class=\"has-text-align-center\"><strong>Andreani&nbsp; Auguste<\/strong><br>N\u00e9 le 01er ao\u00fbt 1888, fils de Pierre Paul et de Girolami Marie Catherine.<br>Engag\u00e9 volontaire le 21 octobre 1907 au 5\u00e8me d\u00e9p\u00f4t des \u00e9quipages de la Flotte (Toulon)<br>16 octobre 1913&nbsp;: 4\u00e8me r\u00e9giment d\u2019infanterie coloniale<br>Tu\u00e9 \u00e0 l\u2019ennemi le 27 ao\u00fbt 1914.<\/p>\n\n\n\n<div class=\"wp-block-media-text is-stacked-on-mobile\" style=\"grid-template-columns:15% auto\"><figure class=\"wp-block-media-text__media\"><a href=\"https:\/\/www.nativu.org\/wp-content\/uploads\/2024\/08\/andreani-jean.jpg\"><img loading=\"lazy\" decoding=\"async\" width=\"309\" height=\"305\" src=\"https:\/\/www.nativu.org\/wp-content\/uploads\/2024\/08\/andreani-jean.jpg\" alt=\"\" class=\"wp-image-332 size-full\" srcset=\"https:\/\/www.nativu.org\/wp-content\/uploads\/2024\/08\/andreani-jean.jpg 309w, https:\/\/www.nativu.org\/wp-content\/uploads\/2024\/08\/andreani-jean-300x296.jpg 300w\" sizes=\"auto, (max-width: 309px) 100vw, 309px\" \/><\/a><\/figure><div class=\"wp-block-media-text__content\">\n<p class=\"has-text-align-center\"><strong>Andreani Charles Jean<\/strong><br><a href=\"http:\/\/www.nativu.org\/wp-content\/uploads\/2018\/11\/andreani-jean.jpg\"><\/a>N\u00e9 le 10 mars 1886, fils de Charles Joseph et de Flore Marie.<br>Incorpor\u00e9 au corps le 08 octobre 1907 au 38\u00e8me r\u00e9giment d\u2019artillerie (batterie mont\u00e9e).<br>Envoy\u00e9 en cong\u00e9 le 25 septembre 1909.<br>Rappel\u00e9 \u00e0 l\u2019activit\u00e9 par d\u00e9cret de mobilisation g\u00e9n\u00e9rale en date du 01er ao\u00fbt 1914.<br>Parti en Orient le 02 mars 1915.<br>Evacu\u00e9 bless\u00e9 le 12 juillet 1915, plaie de la cuisse droite, blessure par balle \u00e0 la presqu\u2019ile de Gallipoli (Turquie).<br>Toulon h\u00f4pital Saint Mandrier du 08 f\u00e9vrier 1917 au 05 mars 1917.<\/p>\n<\/div><\/div>\n\n\n\n<div class=\"wp-block-media-text has-media-on-the-right is-stacked-on-mobile\" style=\"grid-template-columns:auto 15%\"><div class=\"wp-block-media-text__content\">\n<p class=\"has-text-align-center\"><strong>Andreani Fran\u00e7ois Antoine<\/strong><br><a href=\"http:\/\/www.nativu.org\/wp-content\/uploads\/2018\/11\/andreani-francois-a.jpg\"><\/a>N\u00e9 le 12 d\u00e9cembre 1894, fils de Andreani charles joseph et de Andreani flore marie.<br>Incorpor\u00e9 au 141\u00e8me r\u00e9giment d\u2019infanterie \u00e0 compter du 15 septembre 1914. R\u00e9form\u00e9 pour bronchite sp\u00e9cifique le 8 septembre 1915.<br>D\u00e9c\u00e9d\u00e9 \u00e0 Patrimonio le 28 f\u00e9vrier 1916.<\/p>\n<\/div><figure class=\"wp-block-media-text__media\"><a href=\"https:\/\/www.nativu.org\/wp-content\/uploads\/2024\/08\/andreani-francois-a.jpg\"><img loading=\"lazy\" decoding=\"async\" width=\"329\" height=\"321\" src=\"https:\/\/www.nativu.org\/wp-content\/uploads\/2024\/08\/andreani-francois-a.jpg\" alt=\"\" class=\"wp-image-331 size-full\" srcset=\"https:\/\/www.nativu.org\/wp-content\/uploads\/2024\/08\/andreani-francois-a.jpg 329w, https:\/\/www.nativu.org\/wp-content\/uploads\/2024\/08\/andreani-francois-a-300x293.jpg 300w\" sizes=\"auto, (max-width: 329px) 100vw, 329px\" \/><\/a><\/figure><\/div>\n\n\n\n<div class=\"wp-block-media-text is-stacked-on-mobile\" style=\"grid-template-columns:15% auto\"><figure class=\"wp-block-media-text__media\"><a href=\"https:\/\/www.nativu.org\/wp-content\/uploads\/2024\/08\/andreani-francois.jpg\"><img loading=\"lazy\" decoding=\"async\" width=\"313\" height=\"313\" src=\"https:\/\/www.nativu.org\/wp-content\/uploads\/2024\/08\/andreani-francois.jpg\" alt=\"\" class=\"wp-image-330 size-full\" srcset=\"https:\/\/www.nativu.org\/wp-content\/uploads\/2024\/08\/andreani-francois.jpg 313w, https:\/\/www.nativu.org\/wp-content\/uploads\/2024\/08\/andreani-francois-300x300.jpg 300w, https:\/\/www.nativu.org\/wp-content\/uploads\/2024\/08\/andreani-francois-150x150.jpg 150w\" sizes=\"auto, (max-width: 313px) 100vw, 313px\" \/><\/a><\/figure><div class=\"wp-block-media-text__content\">\n<p class=\"has-text-align-center\"><strong>Andreani&nbsp; Fran\u00e7ois Antoine<\/strong><br><a href=\"http:\/\/www.nativu.org\/wp-content\/uploads\/2018\/11\/andreani-francois.jpg\"><\/a>N\u00e9 le 01er juin 1896, fils de Fran\u00e7ois Antoine et de Andreani Annonciade Marie.<br>Incorpor\u00e9 le 16 avril 1915 au 7\u00e8me r\u00e9giment du G\u00e9nie. Passe au 1er r\u00e9giment du G\u00e9nie le 09 juin 1917. Passe au 21\u00e8me r\u00e9giment du g\u00e9nie le 01er juillet 1917.<br>D\u00e9serteur le 21 septembre 1917, se pr\u00e9sente volontairement le 29 septembre 1917. Condamn\u00e9 le 03 novembre 1917.<br>D\u00e9mobilis\u00e9 le 02 septembre 1919.<\/p>\n<\/div><\/div>\n\n\n\n<div class=\"wp-block-media-text has-media-on-the-right is-stacked-on-mobile\" style=\"grid-template-columns:auto 15%\"><div class=\"wp-block-media-text__content\">\n<p class=\"has-text-align-center\"><strong>Andreani Joseph<\/strong><br><a href=\"http:\/\/www.nativu.org\/wp-content\/uploads\/2018\/11\/andreani-joseph.jpg\"><\/a>N\u00e9 le 09 avril 1893, fils de Pierre Castellano et de Marie Straforelli.<br>Engag\u00e9 volonatire au titre du 112\u00e8me r\u00e9giment d\u2019infanterie \u00e0 compter du 19 octobre 1911.<br>Caporal, le 25 mai 1912.<br>Sergent, le 11 juin 1913.<br>Passe au 173\u00e8me r\u00e9giment d\u2019infanterie (juillet 1914).<br>Nomm\u00e9 Adjudant le 14 mai 1915.<br>Tu\u00e9 \u00e0 l\u2019ennemi le 15 juillet 1915 \u00e0 Vienne-le-ch\u00e2teau (Marne).<\/p>\n<\/div><figure class=\"wp-block-media-text__media\"><a href=\"https:\/\/www.nativu.org\/wp-content\/uploads\/2024\/08\/andreani-joseph.jpg\"><img loading=\"lazy\" decoding=\"async\" width=\"317\" height=\"301\" src=\"https:\/\/www.nativu.org\/wp-content\/uploads\/2024\/08\/andreani-joseph.jpg\" alt=\"\" class=\"wp-image-333 size-full\" srcset=\"https:\/\/www.nativu.org\/wp-content\/uploads\/2024\/08\/andreani-joseph.jpg 317w, https:\/\/www.nativu.org\/wp-content\/uploads\/2024\/08\/andreani-joseph-300x285.jpg 300w\" sizes=\"auto, (max-width: 317px) 100vw, 317px\" \/><\/a><\/figure><\/div>\n\n\n\n<div class=\"wp-block-media-text is-stacked-on-mobile\" style=\"grid-template-columns:15% auto\"><figure class=\"wp-block-media-text__media\"><a href=\"https:\/\/www.nativu.org\/wp-content\/uploads\/2024\/08\/angeli-pierre.jpg\"><img loading=\"lazy\" decoding=\"async\" width=\"333\" height=\"317\" src=\"https:\/\/www.nativu.org\/wp-content\/uploads\/2024\/08\/angeli-pierre.jpg\" alt=\"\" class=\"wp-image-334 size-full\" srcset=\"https:\/\/www.nativu.org\/wp-content\/uploads\/2024\/08\/angeli-pierre.jpg 333w, https:\/\/www.nativu.org\/wp-content\/uploads\/2024\/08\/angeli-pierre-300x286.jpg 300w\" sizes=\"auto, (max-width: 333px) 100vw, 333px\" \/><\/a><\/figure><div class=\"wp-block-media-text__content\">\n<p class=\"has-text-align-center\"><strong>Angeli Pierre Dominique<\/strong><br><a href=\"http:\/\/www.nativu.org\/wp-content\/uploads\/2018\/11\/angeli-pierre.jpg\"><\/a>N\u00e9 le 21 janvier 1891, fils de Fr\u00e9diano et de Giovannetti Marie Jos\u00e9phine.<br>Incorpor\u00e9 le 10 octobre 1912.<br>75\u00e8me r\u00e9giment d\u2019infanterie.<br>173\u00e8me r\u00e9giment d\u2019infanterie.<br>Fait prisonnier le 08 septembre 1914.<br>Rapatri\u00e9 le 20 d\u00e9cembre 1918.<\/p>\n<\/div><\/div>\n\n\n\n<p class=\"has-text-align-center\"><strong>Arena Thomas Barth\u00e9lemy<\/strong><br>N\u00e9 le 23 septembre 1880, fils de Jean-Baptiste et de Julie Marie Moroni.<br>Incorpor\u00e9 au 13\u00e8me bataillon d\u2019artillerie \u00e0 pied \u00e0 compter du 15 novembre 1901.<br>Envoy\u00e9 dans la disponibilit\u00e9 le 20 septembre 1902.<br>Rappel\u00e9 \u00e0 l\u2019activit\u00e9 par d\u00e9cret de mobilisation g\u00e9n\u00e9rale.<br>Affect\u00e9 au 7\u00e8me r\u00e9giment d\u2019artillerie \u00e0 pied \u00e0 Bonifacio.<br>Class\u00e9 dans le service auxiliaire pour \u00ab\u00a0faiblesse\u00a0\u00bb&nbsp; par d\u00e9cision du g\u00e9n\u00e9ral gouverneur de la Corse en date du 11 avril 1915.<br>R\u00e9form\u00e9 pour \u00ab&nbsp;paludisme chronique et faiblesse&nbsp;\u00bb.<\/p>\n\n\n\n<div class=\"wp-block-media-text is-stacked-on-mobile\" style=\"grid-template-columns:15% auto\"><figure class=\"wp-block-media-text__media\"><a href=\"https:\/\/www.nativu.org\/wp-content\/uploads\/2024\/08\/bay-clement.jpg\"><img loading=\"lazy\" decoding=\"async\" width=\"309\" height=\"309\" src=\"https:\/\/www.nativu.org\/wp-content\/uploads\/2024\/08\/bay-clement.jpg\" alt=\"\" class=\"wp-image-335 size-full\" srcset=\"https:\/\/www.nativu.org\/wp-content\/uploads\/2024\/08\/bay-clement.jpg 309w, https:\/\/www.nativu.org\/wp-content\/uploads\/2024\/08\/bay-clement-300x300.jpg 300w, https:\/\/www.nativu.org\/wp-content\/uploads\/2024\/08\/bay-clement-150x150.jpg 150w\" sizes=\"auto, (max-width: 309px) 100vw, 309px\" \/><\/a><\/figure><div class=\"wp-block-media-text__content\">\n<p class=\"has-text-align-center\"><strong>Bay Cl\u00e9ment<\/strong><br><a href=\"http:\/\/www.nativu.org\/wp-content\/uploads\/2018\/11\/bay-clement.jpg\"><\/a>N\u00e9 le 16 d\u00e9cembre 1869, fils de Dominique et de Gilormini Marie Comtesse.<br>Incorpor\u00e9 au 141\u00e8me de ligne \u00e0 compter du 19 novembre 1890.<br>Passe au 24\u00e8me bataillon de chasseurs \u00e0 pied le 16 mars 1892.<br>Envoy\u00e9 en cong\u00e9 le 24 septembre1893.<br>Affect\u00e9 au 119\u00e8me bataillon le 27 f\u00e9vrier 1916.<br>Pass\u00e9 au 116\u00e8me Territorial le 08 mai 1916 comme \u00e9tant d\u00e9tach\u00e9 \u00e0 l\u2019artillerie navale de Toulon.<br>D\u00e9tach\u00e9 dans ses foyers \u00e0 Patrimonio en qualit\u00e9 de propri\u00e9taire exploitant le 06 mars 1917.<\/p>\n<\/div><\/div>\n\n\n\n<div class=\"wp-block-media-text has-media-on-the-right is-stacked-on-mobile\" style=\"grid-template-columns:auto 15%\"><div class=\"wp-block-media-text__content\">\n<p class=\"has-text-align-center\"><strong>Bay Saint Jean Mathieu<\/strong><br><a href=\"http:\/\/www.nativu.org\/wp-content\/uploads\/2018\/11\/bay-jean-m.jpg\"><\/a>N\u00e9 le 07 mars 1878, fils de Dominique et Marfisi Marie.<br>Incorpor\u00e9 au 163\u00e8me r\u00e9giment d\u2019infanterie \u00e0 compter du 14 novembre 1901.<br>Disponibilit\u00e9 le 20 septembre 1902.<br>Rappel\u00e9 \u00e0 l\u2019activit\u00e9 par d\u00e9cret de mobilisation g\u00e9n\u00e9rale du 01er ao\u00fbt 1914.<br>61\u00e8me r\u00e9giment d\u2019infanterie.<br>111\u00e8me d\u2019infanterie \u00e0 compter du 10 octobre 1914.<br>203\u00e8me d\u2019infanterie \u00e0 compter du 24 septembre 1916.<br>113\u00e8me d\u2019infanterie \u00e0 compter du 29 juillet 1918.<br>145\u00e8me r\u00e9giment d\u2019infanterie le 25 novembre 1918.<br>Blessure de la main droite par \u00e9clat de bombes.<\/p>\n<\/div><figure class=\"wp-block-media-text__media\"><a href=\"https:\/\/www.nativu.org\/wp-content\/uploads\/2024\/08\/bay-jean-m.jpg\"><img loading=\"lazy\" decoding=\"async\" width=\"317\" height=\"325\" src=\"https:\/\/www.nativu.org\/wp-content\/uploads\/2024\/08\/bay-jean-m.jpg\" alt=\"\" class=\"wp-image-336 size-full\" srcset=\"https:\/\/www.nativu.org\/wp-content\/uploads\/2024\/08\/bay-jean-m.jpg 317w, https:\/\/www.nativu.org\/wp-content\/uploads\/2024\/08\/bay-jean-m-293x300.jpg 293w\" sizes=\"auto, (max-width: 317px) 100vw, 317px\" \/><\/a><\/figure><\/div>\n\n\n\n<div class=\"wp-block-media-text is-stacked-on-mobile\" style=\"grid-template-columns:15% auto\"><figure class=\"wp-block-media-text__media\"><a href=\"https:\/\/www.nativu.org\/wp-content\/uploads\/2024\/08\/brizzi-joseph.jpg\"><img loading=\"lazy\" decoding=\"async\" width=\"313\" height=\"305\" src=\"https:\/\/www.nativu.org\/wp-content\/uploads\/2024\/08\/brizzi-joseph.jpg\" alt=\"\" class=\"wp-image-337 size-full\" srcset=\"https:\/\/www.nativu.org\/wp-content\/uploads\/2024\/08\/brizzi-joseph.jpg 313w, https:\/\/www.nativu.org\/wp-content\/uploads\/2024\/08\/brizzi-joseph-300x292.jpg 300w\" sizes=\"auto, (max-width: 313px) 100vw, 313px\" \/><\/a><\/figure><div class=\"wp-block-media-text__content\">\n<p class=\"has-text-align-center\"><strong>Brizzi Joseph<\/strong><br><a href=\"http:\/\/www.nativu.org\/wp-content\/uploads\/2018\/11\/brizzi-joseph.jpg\"><\/a>N\u00e9 le 29 Octobre 1897, fils de Ange Toussaint et de Ficaja Marie Marguerite.<br>Incorpor\u00e9 \u00e0 compter du 12 janvier 1916 au 24\u00e8me bataillon de chasseurs.<br>Bless\u00e9 le 20 avril 1917 dans les tranch\u00e9es.<br>Passe au 121\u00e8me bataillon de chasseurs le 31 mai 1918.<br>Mort le 10 ao\u00fbt 1918 \u00e0 Catenoy (Oise). Blessures de guerre. Mort pour la France.<\/p>\n<\/div><\/div>\n\n\n\n<div class=\"wp-block-media-text has-media-on-the-right is-stacked-on-mobile\" style=\"grid-template-columns:auto 15%\"><div class=\"wp-block-media-text__content\">\n<p class=\"has-text-align-center\"><strong>Brizzi Paul Andr\u00e9<\/strong><br><a href=\"http:\/\/www.nativu.org\/wp-content\/uploads\/2018\/11\/brizzi-paul-a.jpg\"><\/a>N\u00e9 le 11 mars 1888, fils de Ange Toussaint et de Ficaja Marie Marguerite.<br>Engag\u00e9 volontaire pour 5 ans au titre du 102\u00e8me r\u00e9giment d\u2019infanterie le 04 janvier 1909.<br>Caporal le 16 octobre 1909.<br>Sergent le 05 avril 1911.<br>23\u00e8me r\u00e9giment d\u2019infanterie coloniale \u00e0 compter du 29 octobre 1913.<br>Mort pour la France le 06 Octobre 1915 des suites de blessures de guerre \u00e0 Valmy (Marne).<\/p>\n<\/div><figure class=\"wp-block-media-text__media\"><a href=\"https:\/\/www.nativu.org\/wp-content\/uploads\/2024\/08\/brizzi-paul-a.jpg\"><img loading=\"lazy\" decoding=\"async\" width=\"321\" height=\"297\" src=\"https:\/\/www.nativu.org\/wp-content\/uploads\/2024\/08\/brizzi-paul-a.jpg\" alt=\"\" class=\"wp-image-338 size-full\" srcset=\"https:\/\/www.nativu.org\/wp-content\/uploads\/2024\/08\/brizzi-paul-a.jpg 321w, https:\/\/www.nativu.org\/wp-content\/uploads\/2024\/08\/brizzi-paul-a-300x278.jpg 300w\" sizes=\"auto, (max-width: 321px) 100vw, 321px\" \/><\/a><\/figure><\/div>\n\n\n\n<div class=\"wp-block-media-text is-stacked-on-mobile\" style=\"grid-template-columns:15% auto\"><figure class=\"wp-block-media-text__media\"><a href=\"https:\/\/www.nativu.org\/wp-content\/uploads\/2024\/08\/calvelli-ange-t.jpg\"><img loading=\"lazy\" decoding=\"async\" width=\"305\" height=\"321\" src=\"https:\/\/www.nativu.org\/wp-content\/uploads\/2024\/08\/calvelli-ange-t.jpg\" alt=\"\" class=\"wp-image-339 size-full\" srcset=\"https:\/\/www.nativu.org\/wp-content\/uploads\/2024\/08\/calvelli-ange-t.jpg 305w, https:\/\/www.nativu.org\/wp-content\/uploads\/2024\/08\/calvelli-ange-t-285x300.jpg 285w\" sizes=\"auto, (max-width: 305px) 100vw, 305px\" \/><\/a><\/figure><div class=\"wp-block-media-text__content\">\n<p class=\"has-text-align-center\"><strong>Calvelli Ange Toussaint Pasquin<\/strong><br><a href=\"http:\/\/www.nativu.org\/wp-content\/uploads\/2018\/11\/calvelli-ange-t.jpg\"><\/a>N\u00e9 le 20 juin 1896, fils de Pierre Dominique Antoine et de Grimaldi Marie Fran\u00e7oise.<br>Dirig\u00e9 sur le 23\u00e8me bataillon de chasseurs \u00e0 pied le 04 septembre 1907.<br>Pass\u00e9 au 27\u00e8me bataillon de chasseurs \u00e0 pied le 24 avril 1918.<\/p>\n<\/div><\/div>\n\n\n\n<div class=\"wp-block-media-text has-media-on-the-right is-stacked-on-mobile\" style=\"grid-template-columns:auto 15%\"><div class=\"wp-block-media-text__content\">\n<p class=\"has-text-align-center\"><strong>Calvelli Jean Camille<\/strong><br><a href=\"http:\/\/www.nativu.org\/wp-content\/uploads\/2018\/11\/calvelli-jean-c.jpg\"><\/a>N\u00e9 le 22 juillet 1892, fils de Pierre Dominique Antoine et de Grimaldi Marie Fran\u00e7oise.<br>Incorpor\u00e9 \u00e0 compter du 10 octobre 1913 au 27\u00e8me bataillon des chasseurs \u00e0 pied.<br>Fait prisonnier le 13 janvier 1915.<br>Rapatri\u00e9 le 23 janvier 1919.<br>Pass\u00e9 au 173\u00e8me r\u00e9giment d\u2019infanterie le 24 avril 1919.<\/p>\n<\/div><figure class=\"wp-block-media-text__media\"><a href=\"https:\/\/www.nativu.org\/wp-content\/uploads\/2024\/08\/calvelli-jean-c.jpg\"><img loading=\"lazy\" decoding=\"async\" width=\"301\" height=\"321\" src=\"https:\/\/www.nativu.org\/wp-content\/uploads\/2024\/08\/calvelli-jean-c.jpg\" alt=\"\" class=\"wp-image-340 size-full\" srcset=\"https:\/\/www.nativu.org\/wp-content\/uploads\/2024\/08\/calvelli-jean-c.jpg 301w, https:\/\/www.nativu.org\/wp-content\/uploads\/2024\/08\/calvelli-jean-c-281x300.jpg 281w\" sizes=\"auto, (max-width: 301px) 100vw, 301px\" \/><\/a><\/figure><\/div>\n\n\n\n<p class=\"has-text-align-center\"><strong>Calvelli Joseph<\/strong><br>N\u00e9 le 08 f\u00e9vrier 1886, fils de Pierre Dominique Antoine et de Grimaldi Marie Fran\u00e7oise.<br>Incorpor\u00e9 au 3\u00e8me r\u00e9giment d\u2019infanterie \u00e0 compter du 10 octobre 1907.<br>Envoy\u00e9 en disponibilit\u00e9 le 23 septembre 1909.<br>Rappel\u00e9 \u00e0 l\u2019activit\u00e9 par d\u00e9cret de mobilisation g\u00e9n\u00e9rale du 01er ao\u00fbt 1914.<br>Tomb\u00e9 aux mains de l\u2019ennemi le 20 ao\u00fbt 1914 \u00e0 Dieuze.<br>Rapatri\u00e9 le 12 d\u00e9cembre 1918.<\/p>\n\n\n\n<div class=\"wp-block-media-text is-stacked-on-mobile\" style=\"grid-template-columns:15% auto\"><figure class=\"wp-block-media-text__media\"><a href=\"https:\/\/www.nativu.org\/wp-content\/uploads\/2024\/08\/marco-maria-calvelli2.jpg\"><img loading=\"lazy\" decoding=\"async\" width=\"221\" height=\"254\" src=\"https:\/\/www.nativu.org\/wp-content\/uploads\/2024\/08\/marco-maria-calvelli2.jpg\" alt=\"\" class=\"wp-image-364 size-full\"\/><\/a><\/figure><div class=\"wp-block-media-text__content\">\n<p class=\"has-text-align-center\"><strong>Calvelli Marc Marie<\/strong><br><a href=\"http:\/\/www.nativu.org\/wp-content\/uploads\/2018\/11\/marco-maria-calvelli2.jpg\"><\/a>N\u00e9 le 08 f\u00e9vrier 1886, fils de Pierre Dominique Antoine et de Grimaldi Marie Fran\u00e7oise.<br>07 octobre 1909&nbsp;: 7\u00e8me r\u00e9giment du g\u00e9nie.<br>R\u00e9form\u00e9 le 05 novembre 1909 pour bronchite bacillaire.<br>Reconnu bon pour le service arm\u00e9 en d\u00e9cembre 1914.<br>Affect\u00e9 au 4\u00e8me r\u00e9giment du g\u00e9nie.<\/p>\n\n\n\n<p><\/p>\n<\/div><\/div>\n\n\n\n<p class=\"has-text-align-center\"><strong>Casanova Paul Baptiste<\/strong><br>N\u00e9 le 3 janvier 1881 \u00e0 Ucciani<br>Affect\u00e9 au 7\u00e8me r\u00e9giment de g\u00e9nie \u00e0 Avignon \u00e0 compter du 01er juillet 1917.<br>10 septembre 1917 affect\u00e9 au 116\u00e8me territorial \u00e0 Cort\u00e9.<br>D\u00e9c\u00e9d\u00e9 \u00e0 l\u2019h\u00f4pital militaire de Cort\u00e9 le 15 novembre 1917.<\/p>\n\n\n\n<div class=\"wp-block-media-text is-stacked-on-mobile\" style=\"grid-template-columns:15% auto\"><figure class=\"wp-block-media-text__media\"><a href=\"https:\/\/www.nativu.org\/wp-content\/uploads\/2024\/08\/dominici-andre.jpg\"><img loading=\"lazy\" decoding=\"async\" width=\"301\" height=\"313\" src=\"https:\/\/www.nativu.org\/wp-content\/uploads\/2024\/08\/dominici-andre.jpg\" alt=\"\" class=\"wp-image-341 size-full\" srcset=\"https:\/\/www.nativu.org\/wp-content\/uploads\/2024\/08\/dominici-andre.jpg 301w, https:\/\/www.nativu.org\/wp-content\/uploads\/2024\/08\/dominici-andre-288x300.jpg 288w\" sizes=\"auto, (max-width: 301px) 100vw, 301px\" \/><\/a><\/figure><div class=\"wp-block-media-text__content\">\n<p class=\"has-text-align-center\"><strong>Dominici andr\u00e9<\/strong><br><a href=\"http:\/\/www.nativu.org\/wp-content\/uploads\/2018\/11\/dominici-andre.jpg\"><\/a>N\u00e9 le 10 mars 1881, fils de Dominique Dominici et de Fratacci Blanche Marie.<br>Incorpor\u00e9 au 3\u00e8me r\u00e9giment de chasseurs d\u2019Afrique \u00e0 compter du 18 octobre 1906.<br>Chasseur de 2\u00e8me classe trompette le 02 ao\u00fbt 1907.<br>Campagnes en Alg\u00e9rie du 18 octobre 1906 au 27 septembre 1908.<br>Pass\u00e9 dans la r\u00e9serve le 01er octobre 1908.<br>Rappel\u00e9 \u00e0 l\u2019activit\u00e9 le 01er ao\u00fbt 1914. Incorpor\u00e9 au 116\u00e8me territorial.<br>Bless\u00e9 par balle au bras gauche le 24 avril 1915.<br>D\u00e9c\u00e9d\u00e9 le 08 septembre 1918 \u00e0 Patrimonio (grippe).<\/p>\n<\/div><\/div>\n\n\n\n<div class=\"wp-block-media-text has-media-on-the-right is-stacked-on-mobile\" style=\"grid-template-columns:auto 15%\"><div class=\"wp-block-media-text__content\">\n<p class=\"has-text-align-center\"><strong>Dominici Dominique<\/strong><br><a href=\"http:\/\/www.nativu.org\/wp-content\/uploads\/2018\/11\/dominici-dominique.jpg\"><\/a>N\u00e9 le 14 janvier 1873, fils de Jean Baptiste et de Marie Dominique Pancrazi.<br>Engag\u00e9 volontaire incorpor\u00e9 au 72\u00e8me r\u00e9giment d\u2019infanterie \u00e0 compter du 17 mars 1891.<br>Caporal le 26 septembre 1891.<br>Sergent le 24 septembre 1892.<br>Sergent fourrier le 08 mars 1894.<br>Adjudant le 15 avril 1898.<br>Adjudant de bataillon le 16 janvier 1904.<br>Lib\u00e9r\u00e9 du service actif le 22 f\u00e9vrier 1909.<br>Rappel\u00e9 \u00e0 l\u2019activit\u00e9 par d\u00e9cret de mobilisation g\u00e9n\u00e9rale du 01er ao\u00fbt 1914 (72\u00e8me RI).<br>Citation le 24 f\u00e9vrier 1915&nbsp;: \u00ab&nbsp;Leur capitaine ayant \u00e9t\u00e9 mortellement bless\u00e9 au cours d\u2019une reconnaissance dans laquelle ils l\u2019accompagnaient, l\u2019ont rapport\u00e9 au poste de secours en traversant un terrain tr\u00e8s dangereux et sous le feu violent l\u2019infanterie ennemie.&nbsp;\u00bb<br>Passe au 44\u00e8me r\u00e9giment territorial d\u2019infanterie le 06 avril 1915.<br>Promu sous lieutenant le 05 juillet 1916.<br>Lieutenant le 16 janvier 1918.<br>D\u00e9cor\u00e9 de la croix de guerre, chevalier de la l\u00e9gion d\u2019honneur.<\/p>\n<\/div><figure class=\"wp-block-media-text__media\"><a href=\"https:\/\/www.nativu.org\/wp-content\/uploads\/2024\/08\/dominici-dominique.jpg\"><img loading=\"lazy\" decoding=\"async\" width=\"313\" height=\"321\" src=\"https:\/\/www.nativu.org\/wp-content\/uploads\/2024\/08\/dominici-dominique.jpg\" alt=\"\" class=\"wp-image-342 size-full\" srcset=\"https:\/\/www.nativu.org\/wp-content\/uploads\/2024\/08\/dominici-dominique.jpg 313w, https:\/\/www.nativu.org\/wp-content\/uploads\/2024\/08\/dominici-dominique-293x300.jpg 293w\" sizes=\"auto, (max-width: 313px) 100vw, 313px\" \/><\/a><\/figure><\/div>\n\n\n\n<div class=\"wp-block-media-text is-stacked-on-mobile\" style=\"grid-template-columns:15% auto\"><figure class=\"wp-block-media-text__media\"><a href=\"https:\/\/www.nativu.org\/wp-content\/uploads\/2024\/08\/ficaja-jean-m.jpg\"><img loading=\"lazy\" decoding=\"async\" width=\"313\" height=\"313\" src=\"https:\/\/www.nativu.org\/wp-content\/uploads\/2024\/08\/ficaja-jean-m.jpg\" alt=\"\" class=\"wp-image-343 size-full\" srcset=\"https:\/\/www.nativu.org\/wp-content\/uploads\/2024\/08\/ficaja-jean-m.jpg 313w, https:\/\/www.nativu.org\/wp-content\/uploads\/2024\/08\/ficaja-jean-m-300x300.jpg 300w, https:\/\/www.nativu.org\/wp-content\/uploads\/2024\/08\/ficaja-jean-m-150x150.jpg 150w\" sizes=\"auto, (max-width: 313px) 100vw, 313px\" \/><\/a><\/figure><div class=\"wp-block-media-text__content\">\n<p class=\"has-text-align-center\"><strong>Ficaja Jean Martin<\/strong><br><a href=\"http:\/\/www.nativu.org\/wp-content\/uploads\/2018\/11\/ficaja-jean-m.jpg\"><\/a>N\u00e9 le 26 d\u00e9cembre 1884, fils de Pierre Ficaja et de marie Ursule Gilormini.<br>Incorpor\u00e9 au 38\u00e8me r\u00e9giment d\u2019artillerie \u00e0 compter du 9 octobre 1905.<br>1er canonnier servant le 18 septembre 1906.<br>Mise en disponibilit\u00e9 le 28 septembre 1907.<br>Rappel\u00e9 \u00e0 l\u2019activit\u00e9 par d\u00e9cret de mobilisation g\u00e9n\u00e9rale du 01er ao\u00fbt&nbsp; 1914.<br>2\u00e8me artillerie de montagne (campagne contre l\u2019Allemagne du 02 ao\u00fbt 1914 au 01er mars 1915).<br>Campagne d\u2019Orient du 02 mars 1915 au 08 mai 1915.<br>Bless\u00e9 par balle le 08 mai 1915 sur la presqu\u2019ile de Gallipoli (bras gauche).<\/p>\n<\/div><\/div>\n\n\n\n<div class=\"wp-block-media-text has-media-on-the-right is-stacked-on-mobile\" style=\"grid-template-columns:auto 15%\"><div class=\"wp-block-media-text__content\">\n<p class=\"has-text-align-center\"><strong>Ficaja Joseph Sauveur<\/strong><br><a href=\"http:\/\/www.nativu.org\/wp-content\/uploads\/2018\/11\/ficaja-joseph.jpg\"><\/a>N\u00e9 le 09 novembre 1883, fils de Jacques et Calvelli Marie Luigina.<br>Incorpor\u00e9 au 38\u00e8me r\u00e9giment d\u2019artillerie \u00e0 compter du 15 novembre 1904.<br>2\u00e8me r\u00e9giment d\u2019artillerie de montagne \u00e0 compter du 01er ao\u00fbt 1914.<\/p>\n\n\n\n<p><\/p>\n<\/div><figure class=\"wp-block-media-text__media\"><a href=\"https:\/\/www.nativu.org\/wp-content\/uploads\/2024\/08\/ficaja-joseph.jpg\"><img loading=\"lazy\" decoding=\"async\" width=\"309\" height=\"317\" src=\"https:\/\/www.nativu.org\/wp-content\/uploads\/2024\/08\/ficaja-joseph.jpg\" alt=\"\" class=\"wp-image-344 size-full\" srcset=\"https:\/\/www.nativu.org\/wp-content\/uploads\/2024\/08\/ficaja-joseph.jpg 309w, https:\/\/www.nativu.org\/wp-content\/uploads\/2024\/08\/ficaja-joseph-292x300.jpg 292w\" sizes=\"auto, (max-width: 309px) 100vw, 309px\" \/><\/a><\/figure><\/div>\n\n\n\n<p class=\"has-text-align-center\"><strong>Finocchi Louis Jean Pierre Alexandre C\u00e9sar Auguste Annibal<\/strong><br>N\u00e9 le 03 avril 1882 \u00e0 Patrimonio.<br>Sous-Lieutenant au bataillon mixte de zouaves et tirailleurs.<br>Tu\u00e9 \u00e0 l\u2019ennemi le 12 septembre 1916.<br>Citation&nbsp;:&nbsp;\u00ab&nbsp;Tr\u00e8s bon sous officier dou\u00e9 de belles qualit\u00e9s militaires. A \u00e9t\u00e9 un pr\u00e9cieux auxiliaire pour son commandant de compagnie. A fait preuve d\u2019un courage et d\u2019un sang froid absolument remarquables pendant un bombardement de nos tranch\u00e9es dans la journ\u00e9e du 18 mai 1916. A entrain\u00e9 vigoureusement sa section \u00e0 la contre attaque.&nbsp;\u00bb<\/p>\n\n\n\n<div class=\"wp-block-media-text is-stacked-on-mobile\" style=\"grid-template-columns:15% auto\"><figure class=\"wp-block-media-text__media\"><a href=\"https:\/\/www.nativu.org\/wp-content\/uploads\/2024\/08\/fratacci-pierre.jpg\"><img loading=\"lazy\" decoding=\"async\" width=\"329\" height=\"321\" src=\"https:\/\/www.nativu.org\/wp-content\/uploads\/2024\/08\/fratacci-pierre.jpg\" alt=\"\" class=\"wp-image-345 size-full\" srcset=\"https:\/\/www.nativu.org\/wp-content\/uploads\/2024\/08\/fratacci-pierre.jpg 329w, https:\/\/www.nativu.org\/wp-content\/uploads\/2024\/08\/fratacci-pierre-300x293.jpg 300w\" sizes=\"auto, (max-width: 329px) 100vw, 329px\" \/><\/a><\/figure><div class=\"wp-block-media-text__content\">\n<p class=\"has-text-align-center\"><strong>Fratacci Pierre Jean<\/strong><br><a href=\"http:\/\/www.nativu.org\/wp-content\/uploads\/2018\/11\/fratacci-pierre.jpg\"><\/a>N\u00e9 le 01er avril 1881, fils de Jean Andr\u00e9 et de Grossi Anne Fran\u00e7oise.<br>Incorpor\u00e9 au 27\u00e8me r\u00e9giment des chasseurs \u00e0 pied \u00e0 compter du 21 novembre 1902. Envoy\u00e9 en cong\u00e9 le28 avril 1904.<br>Rappel\u00e9 \u00e0 l\u2019activit\u00e9 par d\u00e9cret de mobilisation g\u00e9n\u00e9rale du 01er ao\u00fbt 1914.<br>373\u00e8me r\u00e9giment d\u2019Infanterie.<\/p>\n<\/div><\/div>\n\n\n\n<p><\/p>\n\n\n\n<p class=\"has-text-align-center\"><strong>Fratacci Pierre Louis<\/strong><br>N\u00e9 le 25 f\u00e9vrier 1890, fils de Jean Andr\u00e9 et de Grossi Anne Fran\u00e7oise.<br>Incorpor\u00e9 au 163\u00e8me r\u00e9giment d\u2019infanterie le 09 octobre 1911.<br>Parti au front le 15 ao\u00fbt 1914.<br>Pass\u00e9 au 22\u00e8me r\u00e9giment d\u2019infanterie coloniale le 28 novembre 1915.<br>Pass\u00e9 au 1er r\u00e9giment colonial le 30 d\u00e9cembre 1915.<br>Pass\u00e9 au 8\u00e8me colonial le 26 juin 1917.<br>Pass\u00e9 au 22\u00e8me r\u00e9giment d\u2019infanterie le 13 juin 1918.<br>M\u00e9daille de la Victoire, m\u00e9daille comm\u00e9morative de la grande guerre, m\u00e9daille comm\u00e9morative Serbe de la grande guerre.<\/p>\n\n\n\n<p class=\"has-text-align-center\"><strong>Giacinti Dominique<\/strong><br>N\u00e9 le mai 1880, fils de Jean Bernardin et de Marie Dominique Grossi.<br>Incorpor\u00e9 au 24\u00e8me bataillon de chasseurs \u00e0 pied \u00e0 compter du 15 novembre 1901.<br>Caporal le 21 septembre 1902.<br>Envoy\u00e9 en cong\u00e9 le 18 septembre 1904.<br>Rappel\u00e9 \u00e0 l\u2019activit\u00e9 par d\u00e9cret de mobilisation g\u00e9n\u00e9rale du 01er ao\u00fbt 1914, 173\u00e8me R\u00e9giment d\u2019Infanterie.<\/p>\n\n\n\n<div class=\"wp-block-media-text is-stacked-on-mobile\" style=\"grid-template-columns:15% auto\"><figure class=\"wp-block-media-text__media\"><a href=\"https:\/\/www.nativu.org\/wp-content\/uploads\/2024\/08\/giacinti-etienne.jpg\"><img loading=\"lazy\" decoding=\"async\" width=\"329\" height=\"325\" src=\"https:\/\/www.nativu.org\/wp-content\/uploads\/2024\/08\/giacinti-etienne.jpg\" alt=\"\" class=\"wp-image-348 size-full\" srcset=\"https:\/\/www.nativu.org\/wp-content\/uploads\/2024\/08\/giacinti-etienne.jpg 329w, https:\/\/www.nativu.org\/wp-content\/uploads\/2024\/08\/giacinti-etienne-300x296.jpg 300w\" sizes=\"auto, (max-width: 329px) 100vw, 329px\" \/><\/a><\/figure><div class=\"wp-block-media-text__content\">\n<p class=\"has-text-align-center\"><strong>Giacinti Etienne<\/strong><br><a href=\"http:\/\/www.nativu.org\/wp-content\/uploads\/2018\/11\/giacinti-etienne.jpg\"><\/a>N\u00e9 le 30 d\u00e9cembre 1872, fils de Jean Bernardin et de Grossi Marie Dominique.<br>Incorpor\u00e9 au 58\u00e8me r\u00e9giment d\u2019infanterie \u00e0 compter du 21 novembre 1894.<br>Envoy\u00e9 en cong\u00e9 le 04 octobre 1897.<br>Rappel\u00e9 \u00e0 l\u2019activit\u00e9 par d\u00e9cret de mobilisation g\u00e9n\u00e9rale du 01er ao\u00fbt 1914.<br>D\u00e9mobilis\u00e9 le 25 d\u00e9cembre 1918.<\/p>\n<\/div><\/div>\n\n\n\n<div class=\"wp-block-media-text has-media-on-the-right is-stacked-on-mobile\" style=\"grid-template-columns:auto 15%\"><div class=\"wp-block-media-text__content\">\n<p class=\"has-text-align-center\"><strong>Giacinti Jean Baptiste<\/strong><br><a href=\"http:\/\/www.nativu.org\/wp-content\/uploads\/2018\/11\/giacinti-jean-b.jpg\"><\/a>N\u00e9 le 23 ao\u00fbt 1896, fils de Jacques Andr\u00e9 et de Marie Jos\u00e9phine Arena.<br>Incorpor\u00e9 au 2\u00e8me r\u00e9giment de dragons \u00e0 compter du 09 avril 1915.<br>Passe au 75 RI le 10 juillet 1915.<br>Passe au 140\u00e8me RI le 02 mai 1916.<br>Passe au 340\u00e8me le 16 juillet 1916.<br>Fait prisonnier le 25 ao\u00fbt 1918. Rapatri\u00e9 le 10 d\u00e9cembre 1918.<\/p>\n<\/div><figure class=\"wp-block-media-text__media\"><a href=\"https:\/\/www.nativu.org\/wp-content\/uploads\/2024\/08\/giacinti-jean-b.jpg\"><img loading=\"lazy\" decoding=\"async\" width=\"321\" height=\"325\" src=\"https:\/\/www.nativu.org\/wp-content\/uploads\/2024\/08\/giacinti-jean-b.jpg\" alt=\"\" class=\"wp-image-349 size-full\" srcset=\"https:\/\/www.nativu.org\/wp-content\/uploads\/2024\/08\/giacinti-jean-b.jpg 321w, https:\/\/www.nativu.org\/wp-content\/uploads\/2024\/08\/giacinti-jean-b-296x300.jpg 296w\" sizes=\"auto, (max-width: 321px) 100vw, 321px\" \/><\/a><\/figure><\/div>\n\n\n\n<div class=\"wp-block-media-text is-stacked-on-mobile\" style=\"grid-template-columns:15% auto\"><figure class=\"wp-block-media-text__media\"><a href=\"https:\/\/www.nativu.org\/wp-content\/uploads\/2024\/08\/giacinti-bernardin.jpg\"><img loading=\"lazy\" decoding=\"async\" width=\"321\" height=\"309\" src=\"https:\/\/www.nativu.org\/wp-content\/uploads\/2024\/08\/giacinti-bernardin.jpg\" alt=\"\" class=\"wp-image-346 size-full\" srcset=\"https:\/\/www.nativu.org\/wp-content\/uploads\/2024\/08\/giacinti-bernardin.jpg 321w, https:\/\/www.nativu.org\/wp-content\/uploads\/2024\/08\/giacinti-bernardin-300x289.jpg 300w\" sizes=\"auto, (max-width: 321px) 100vw, 321px\" \/><\/a><\/figure><div class=\"wp-block-media-text__content\">\n<p class=\"has-text-align-center\"><strong>Giacinti Jean Bernardin<\/strong><br><a href=\"http:\/\/www.nativu.org\/wp-content\/uploads\/2018\/11\/giacinti-bernardin.jpg\"><\/a>N\u00e9 le 23 octobre 1898, fils de Fran\u00e7ois Marie et de Girolami Philippine.<br>Incorpor\u00e9 \u00e0 compter du 10 mai 1917 au 38\u00e8me r\u00e9giment d\u2019artillerie.<br>Passe au 19\u00e8me r\u00e9giment d\u2019artillerie \u00e0 compter du 11 janvier 1918.<br>207\u00e8me r\u00e9giment d\u2019artillerie \u00e0 compter du 09 mars 1918.<\/p>\n<\/div><\/div>\n\n\n\n<p><\/p>\n\n\n\n<p class=\"has-text-align-center\"><strong>Giacinti J\u00e9rome<\/strong><br>N\u00e9 le 07 d\u00e9cembre 1882, fils de Jean Bernardin et de Grossi Marie Dominique.<br>Incorpor\u00e9 au 112\u00e8me r\u00e9giment d\u2019infanterie \u00e0 compter du janvier 1901 comme engag\u00e9 volontaire.<br>Caporal le 01er octobre 1901.<br>Sergent le 16 juillet 1903.<br>18 mars 1905&nbsp;: sapeur pompier.<br>Rappel\u00e9 \u00e0 l\u2019activit\u00e9 par d\u00e9cret de mobilisation g\u00e9n\u00e9rale du 01er ao\u00fbt 1914&nbsp;: 26\u00e8me r\u00e9giment d\u2019infanterie.<br>Bless\u00e9 avant bras, plaie profonde dans la r\u00e9gion lombaire par balle non sortie le 25 ao\u00fbt 1914.<br>Passe au 120\u00e8me RI le 11 mai 1916.<\/p>\n\n\n\n<div class=\"wp-block-media-text is-stacked-on-mobile\" style=\"grid-template-columns:15% auto\"><figure class=\"wp-block-media-text__media\"><a href=\"https:\/\/www.nativu.org\/wp-content\/uploads\/2024\/08\/giacinti-dominique.jpg\"><img loading=\"lazy\" decoding=\"async\" width=\"321\" height=\"317\" src=\"https:\/\/www.nativu.org\/wp-content\/uploads\/2024\/08\/giacinti-dominique.jpg\" alt=\"\" class=\"wp-image-347 size-full\" srcset=\"https:\/\/www.nativu.org\/wp-content\/uploads\/2024\/08\/giacinti-dominique.jpg 321w, https:\/\/www.nativu.org\/wp-content\/uploads\/2024\/08\/giacinti-dominique-300x296.jpg 300w\" sizes=\"auto, (max-width: 321px) 100vw, 321px\" \/><\/a><\/figure><div class=\"wp-block-media-text__content\">\n<p class=\"has-text-align-center\"><strong>Giacinti Joseph Dominique<\/strong><br><a href=\"http:\/\/www.nativu.org\/wp-content\/uploads\/2018\/11\/giacinti-dominique.jpg\"><\/a>N\u00e9 le 10 novembre 1894, fils de Paul Alexandre et de Dominici C\u00e9cile.<br>Incorpor\u00e9 au 140\u00e8me r\u00e9giment d\u2019infanterie \u00e0 compter du 15 septembre 1914.<br>Mort le 18 ao\u00fbt 1916 \u00e0 Vaux-devant-Damloup (Meuse) suite \u00e0 blessures de guerre.<\/p>\n<\/div><\/div>\n\n\n\n<div class=\"wp-block-media-text has-media-on-the-right is-stacked-on-mobile\" style=\"grid-template-columns:auto 15%\"><div class=\"wp-block-media-text__content\">\n<p class=\"has-text-align-center\"><strong>Giacinti Joseph Mathieu<\/strong><br><a href=\"http:\/\/www.nativu.org\/wp-content\/uploads\/2018\/11\/giacinti-joseph.jpg\"><\/a>N\u00e9 le 30 mai 1896, fils de Paul Alexandre et de Dominici C\u00e9cile.<br>Incorpor\u00e9 au 55\u00e8me r\u00e9giment d\u2019artillerie \u00e0 compter du 24 ao\u00fbt 1916.<br>Passe au 13\u00e8me r\u00e9giment d\u2019artillerie le 01er septembre 1916.<br>Passe au 20\u00e8me escadron du train le 26 janvier 1917.<\/p>\n<\/div><figure class=\"wp-block-media-text__media\"><a href=\"https:\/\/www.nativu.org\/wp-content\/uploads\/2024\/08\/giacinti-joseph.jpg\"><img loading=\"lazy\" decoding=\"async\" width=\"313\" height=\"325\" src=\"https:\/\/www.nativu.org\/wp-content\/uploads\/2024\/08\/giacinti-joseph.jpg\" alt=\"\" class=\"wp-image-350 size-full\" srcset=\"https:\/\/www.nativu.org\/wp-content\/uploads\/2024\/08\/giacinti-joseph.jpg 313w, https:\/\/www.nativu.org\/wp-content\/uploads\/2024\/08\/giacinti-joseph-289x300.jpg 289w\" sizes=\"auto, (max-width: 313px) 100vw, 313px\" \/><\/a><\/figure><\/div>\n\n\n\n<p class=\"has-text-align-center\"><strong>Giacinti Toussaint<\/strong><br>N\u00e9 le 28 avril 1876, fils de Jean Bernardin et de Grossi Marie Dominique.<br>Incorpor\u00e9 au 112\u00e8me r\u00e9giment d\u2019infanterie \u00e0 compter du 16 novembre 1897.<br>Caporal le 26 septembre 1898.<br>Rappel\u00e9 \u00e0 l\u2019activit\u00e9 par d\u00e9cret de mobilisation g\u00e9n\u00e9rale du 01er ao\u00fbt 1914.<\/p>\n\n\n\n<p class=\"has-text-align-center\"><strong>Gilormini Andr\u00e9<\/strong><br>N\u00e9 le 01er mars 1871, fils de Dominique et Anne Marie Dominici.<br>Incorpor\u00e9 au 61\u00e8me de ligne \u00e0 compter du 12 novembre 1892.<br>Nomm\u00e9 m\u00e9decin auxiliaire \u00e0 partir du 15 avril 1898.<br>Rappel\u00e9 \u00e0 l\u2019activit\u00e9 par d\u00e9cret de mobilisation g\u00e9n\u00e9rale.<\/p>\n\n\n\n<div class=\"wp-block-media-text is-stacked-on-mobile\" style=\"grid-template-columns:15% auto\"><figure class=\"wp-block-media-text__media\"><a href=\"https:\/\/www.nativu.org\/wp-content\/uploads\/2024\/08\/gilormini-antoine-m.jpg\"><img loading=\"lazy\" decoding=\"async\" width=\"317\" height=\"317\" src=\"https:\/\/www.nativu.org\/wp-content\/uploads\/2024\/08\/gilormini-antoine-m.jpg\" alt=\"\" class=\"wp-image-351 size-full\" srcset=\"https:\/\/www.nativu.org\/wp-content\/uploads\/2024\/08\/gilormini-antoine-m.jpg 317w, https:\/\/www.nativu.org\/wp-content\/uploads\/2024\/08\/gilormini-antoine-m-300x300.jpg 300w, https:\/\/www.nativu.org\/wp-content\/uploads\/2024\/08\/gilormini-antoine-m-150x150.jpg 150w\" sizes=\"auto, (max-width: 317px) 100vw, 317px\" \/><\/a><\/figure><div class=\"wp-block-media-text__content\">\n<p class=\"has-text-align-center\"><strong>Gilormini Antoine Marie<\/strong><br><a href=\"http:\/\/www.nativu.org\/wp-content\/uploads\/2018\/11\/gilormini-antoine-m.jpg\"><\/a>N\u00e9 le 03 septembre 1872, fils de Pierre Paul et de Marie L\u00e9andra Matraglia.<br>Incorpor\u00e9 au 55\u00e8me r\u00e9giment d\u2019infanterie \u00e0 compter du 14 novembre 1893. Envoy\u00e9 en cong\u00e9 le 27 septembre&nbsp; 1894 en attendant son passage dans la r\u00e9serve de l\u2019arm\u00e9e active (art 21), ain\u00e9 d\u2019orphelins.<br>Rappel\u00e9 \u00e0 l\u2019activit\u00e9 par d\u00e9cret de mobilisation g\u00e9n\u00e9rale du 01er ao\u00fbt 1914, incorpor\u00e9 au 116\u00e8me r\u00e9giment d\u2019infanterie.<br>Lib\u00e9r\u00e9 du service militaire le 01er octobre 1919.<\/p>\n<\/div><\/div>\n\n\n\n<p class=\"has-text-align-center\"><strong>Gilormini Dominique<\/strong><br>N\u00e9 le 18 d\u00e9cembre 1891, fils de Fran\u00e7ois et de Gilormini Marie Lucie.<br>Incorpor\u00e9 le 03 octobre 1912 au 17\u00e8me r\u00e9giment de dragon.<br>Passe au 8\u00e8me escadron du train le 06 ao\u00fbt 1918.<br>Passe le 12 ao\u00fbt 1919 au 15\u00e8me escadron du train.<\/p>\n\n\n\n<div class=\"wp-block-media-text is-stacked-on-mobile\" style=\"grid-template-columns:15% auto\"><figure class=\"wp-block-media-text__media\"><a href=\"https:\/\/www.nativu.org\/wp-content\/uploads\/2024\/08\/gilormini-dominique.jpg\"><img loading=\"lazy\" decoding=\"async\" width=\"309\" height=\"325\" src=\"https:\/\/www.nativu.org\/wp-content\/uploads\/2024\/08\/gilormini-dominique.jpg\" alt=\"\" class=\"wp-image-352 size-full\" srcset=\"https:\/\/www.nativu.org\/wp-content\/uploads\/2024\/08\/gilormini-dominique.jpg 309w, https:\/\/www.nativu.org\/wp-content\/uploads\/2024\/08\/gilormini-dominique-285x300.jpg 285w\" sizes=\"auto, (max-width: 309px) 100vw, 309px\" \/><\/a><\/figure><div class=\"wp-block-media-text__content\">\n<p class=\"has-text-align-center\"><strong>Gilormini Dominique<\/strong><br><a href=\"http:\/\/www.nativu.org\/wp-content\/uploads\/2018\/11\/gilormini-dominique.jpg\"><\/a>N\u00e9 le 21 janvier 1897, fils de Jean Dominique et de Dominici Marie.<br>Incorpor\u00e9 le 14 janvier 1916 au 52\u00e8me r\u00e9giment d\u2019infanterie.<br>Passe au 157\u00e8me r\u00e9giment d\u2019infanterie le 19 septembre 1916.<br>Passe au 106\u00e8me r\u00e9giment d\u2019infanterie le 14 novembre 1916.<br>Condamn\u00e9 par le conseil de guerre le 11 ao\u00fbt 1917 \u00e0 la peine de deux ans de prison avec sursis, coupable de d\u00e9sertion \u00e0 l\u2019int\u00e9rieur en temps de guerre (circonstances att\u00e9nuantes admises).<br>Cit\u00e9 \u00e0 l\u2019ordre du 106\u00e8me R\u00e9giment d\u2019infanterie&nbsp; le 27 ao\u00fbt 1918. Grenadier d\u2019\u00e9lite. \u00ab\u00a0Au cours des derniers combats \u00e0 fait preuve d\u2019un courage remarquable, progressant \u00e0 la grenade dans une tranch\u00e9e \u00e9nergiquement d\u00e9fendue par l\u2019ennemi.\u00a0\u00bb<br>Croix de guerre \u00e9toile de bronze.<\/p>\n<\/div><\/div>\n\n\n\n<div class=\"wp-block-media-text has-media-on-the-right is-stacked-on-mobile\" style=\"grid-template-columns:auto 15%\"><div class=\"wp-block-media-text__content\">\n<p class=\"has-text-align-center\"><strong>Gilormini Jean Dominique<\/strong><br><a href=\"http:\/\/www.nativu.org\/wp-content\/uploads\/2018\/11\/gilormini-jean-dominique.jpg\"><\/a>N\u00e9 le 28 f\u00e9vrier 1895, fils de Jean No\u00ebl et de Martini Ang\u00e8le Toussainte.<br>Sous les drapeaux du 23 d\u00e9cembre 1914 au 15 septembre 1919.<br>6\u00e8me bataillon de chasseurs \u00e0 pied.<br>115\u00e8me bataillon de chasseurs \u00e0 pied.<br>7\u00e8me bataillon de chasseurs \u00e0 pied.<br>106\u00e8me r\u00e9giment d\u2019infanterie.<br>173\u00e8me r\u00e9giment d\u2019infanterie.<br>Bless\u00e9 le 06 septembre 1916 au combat&nbsp;: \u00ab&nbsp;plaie cuisse gauche&nbsp;\u00bb.<br>D\u00e9coration \u00e9trang\u00e8re&nbsp;: \u00ab\u00a0Insigne italien des fatigues de guerre\u00a0\u00bb.<\/p>\n<\/div><figure class=\"wp-block-media-text__media\"><a href=\"https:\/\/www.nativu.org\/wp-content\/uploads\/2024\/08\/gilormini-jean-dominique.jpg\"><img loading=\"lazy\" decoding=\"async\" width=\"329\" height=\"325\" src=\"https:\/\/www.nativu.org\/wp-content\/uploads\/2024\/08\/gilormini-jean-dominique.jpg\" alt=\"\" class=\"wp-image-353 size-full\" srcset=\"https:\/\/www.nativu.org\/wp-content\/uploads\/2024\/08\/gilormini-jean-dominique.jpg 329w, https:\/\/www.nativu.org\/wp-content\/uploads\/2024\/08\/gilormini-jean-dominique-300x296.jpg 300w\" sizes=\"auto, (max-width: 329px) 100vw, 329px\" \/><\/a><\/figure><\/div>\n\n\n\n<div class=\"wp-block-media-text is-stacked-on-mobile\" style=\"grid-template-columns:15% auto\"><figure class=\"wp-block-media-text__media\"><a href=\"https:\/\/www.nativu.org\/wp-content\/uploads\/2024\/08\/gilormini-nicolas.jpg\"><img loading=\"lazy\" decoding=\"async\" width=\"341\" height=\"325\" src=\"https:\/\/www.nativu.org\/wp-content\/uploads\/2024\/08\/gilormini-nicolas.jpg\" alt=\"\" class=\"wp-image-354 size-full\" srcset=\"https:\/\/www.nativu.org\/wp-content\/uploads\/2024\/08\/gilormini-nicolas.jpg 341w, https:\/\/www.nativu.org\/wp-content\/uploads\/2024\/08\/gilormini-nicolas-300x286.jpg 300w\" sizes=\"auto, (max-width: 341px) 100vw, 341px\" \/><\/a><\/figure><div class=\"wp-block-media-text__content\">\n<p class=\"has-text-align-center\"><strong>Gilormini Nicolas<\/strong><br><a href=\"http:\/\/www.nativu.org\/wp-content\/uploads\/2018\/11\/gilormini-nicolas.jpg\"><\/a>N\u00e9 le 25 d\u00e9cembre 1898, fils de Jean Dominique et de Dominici Marie.<br>Incorpor\u00e9 \u00e0 partir du 08 mai 1917 au 163\u00e8me r\u00e9giment d\u2019infanterie.<br>Passe au 111\u00e8me r\u00e9giment d\u2019infanterie le 03 janvier 1918.<br>Passe au 92\u00e8me r\u00e9giment d\u2019infanterie le 28 juin 1918.<br>Passe au 5\u00e8me r\u00e9giment de tirailleur le 29 septembre 1919.<\/p>\n<\/div><\/div>\n\n\n\n<div class=\"wp-block-media-text has-media-on-the-right is-stacked-on-mobile\" style=\"grid-template-columns:auto 15%\"><div class=\"wp-block-media-text__content\">\n<p class=\"has-text-align-center\"><strong>Gilormini Nonce<\/strong><br><a href=\"http:\/\/www.nativu.org\/wp-content\/uploads\/2018\/11\/pepe-nonce-2.jpg\"><\/a>N\u00e9 le 29 mars 1883, fils de Pierre Paul et Matraglia Marie L\u00e9andra.<br>Incorpor\u00e9 au 163\u00e8me r\u00e9giment d\u2019infanterie \u00e0 compter du 15 novembre 1904.<br>R\u00e9form\u00e9 le 03 d\u00e9cembre 1904 pour tuberculose pulmonaire.<br>Incorpor\u00e9 au r\u00e9giment d\u2019infanterie de la Corse le 24 f\u00e9vrier 1915.<br>Passe au 360\u00e8me r\u00e9giment d\u2019infanterie le 15 octobre 1915.<br>Passe au 167\u00e8me r\u00e9giment d\u2019infanterie le 10 f\u00e9vrier 1919.<br>D\u00e9mobilis\u00e9 le 05 mars 1919.<\/p>\n<\/div><figure class=\"wp-block-media-text__media\"><a href=\"https:\/\/www.nativu.org\/wp-content\/uploads\/2024\/08\/pepe-nonce-2.jpg\"><img loading=\"lazy\" decoding=\"async\" width=\"115\" height=\"123\" src=\"https:\/\/www.nativu.org\/wp-content\/uploads\/2024\/08\/pepe-nonce-2.jpg\" alt=\"\" class=\"wp-image-373 size-full\"\/><\/a><\/figure><\/div>\n\n\n\n<p class=\"has-text-align-center\"><strong>Gilormini Pancrace<\/strong><br>N\u00e9 le 12 octobre 1893, fils de Fran\u00e7ois et de Gilormini Marie Lucie.<br>Incorpor\u00e9 au 140\u00e8me r\u00e9giment d\u2019infanterie \u00e0 compter du 17 juillet 1914.<br>Passe \u00e0 la 14\u00e8me section d\u2019infirmiers militaires le 24 mars 1916.<br>Passe au 14\u00e8me escadron du train le 07 avril 1916.<br>13\u00e8me R\u00e9giment d\u2019artillerie le 01er juillet 1916.<br>8\u00e8me escadron du train le 04 juillet 1916.<br>16\u00e8me escadron de train le 01er juillet 1917.<\/p>\n\n\n\n<p class=\"has-text-align-center\"><strong>Gilormini Pierre Fran\u00e7ois<\/strong><br>N\u00e9 le 28 ao\u00fbt 1875, fils de Pierre Paul et Matraglia Maria L\u00e9andra.<br>Incorpor\u00e9 au 111\u00e8me r\u00e9giment d\u2019infanterie.<br>Campagnes contre l\u2019Allemagne&nbsp;: Int\u00e9rieur du 02 ao\u00fbt 1914 au 23 ao\u00fbt 1914&nbsp;; en Tunisie du 24 ao\u00fbt 1914 au 20 ao\u00fbt 1917.<\/p>\n\n\n\n<p class=\"has-text-align-center\"><strong>Gilormini Saint Martin<\/strong><br>N\u00e9 le 30d\u00e9cembre 1869, fils de Nonce et de Marie Alexandrine Nicolai.<br>116\u00e8me r\u00e9giment territorial d\u2019infanterie le 26 septembre 1914.<\/p>\n\n\n\n<p class=\"has-text-align-center\"><strong>Giovannetti Ange<\/strong><br>N\u00e9 le 27 octobre 1897, fils de Luc octave et de Marie Giovannetti.<br>Incorpor\u00e9 \u00e0 compter du 21 janvier 1916 au 7\u00e8me r\u00e9giment du g\u00e9nie.<br>Pass\u00e9 au 4\u00e8me r\u00e9giment du g\u00e9nie le 23 f\u00e9vrier 1918.<\/p>\n\n\n\n<p class=\"has-text-align-center\"><strong>Giovannetti Ignace Fran\u00e7ois<\/strong><br>N\u00e9 le 06 septembre 1894.<br>Incorpor\u00e9 au 112\u00e8me r\u00e9giment d\u2019infanterie \u00e0 compter du 18 d\u00e9cembre 1914.<br>Bless\u00e9 par balle bras gauche superficiellement \u00e0 la main.<br>Bless\u00e9 le 21 mai 1916.<br>Passe au 370\u00e8me d\u2019infanterie le 09 ao\u00fbt 1916.<br>Passe en renfort du 80\u00e8me d\u2019infanterie le 03 f\u00e9vrier 1918.<br>Intoxiqu\u00e9 le 15 mai 1918.<br>Citation du 26 d\u00e9cembre 1918&nbsp;:&nbsp;\u00ab&nbsp;bon soldat ayant toujours accompli son devoir, a \u00e9t\u00e9 bless\u00e9 trois fois au cours de la campagne&nbsp;\u00bb.<br>M\u00e9daille Croix de guerre.<\/p>\n\n\n\n<p class=\"has-text-align-center\"><strong>Giovannetti Ignace Fran\u00e7ois<\/strong><br>N\u00e9 le 07 novembre 1881, fils de Charles Antoine et de Calvelli Marie Lucie.<br>Incorpor\u00e9 au 61\u00e8me r\u00e9giment de ligne \u00e0 compter du 16 novembre 1902<br>R\u00e9form\u00e9&nbsp; par la commission de r\u00e9forme de Bastia le 06 f\u00e9vrier 1904 pour tuberculose pulmonaire, poitrine en car\u00e8ne.<br>Affect\u00e9 \u00e0 la 15\u00e8me section COA (service auxiliaire) \u00e0 Bastia (avril 1915).<\/p>\n\n\n\n<p class=\"has-text-align-center\"><strong>Giovannetti Jacques Antoine<\/strong><br>N\u00e9 le 16 ao\u00fbt 1876, fils de Pierre Marie et de Gilormini Marie.<br>Incorpor\u00e9 au 3\u00e8me r\u00e9giment d\u2019infanterie \u00e0 compter du 16 novembre 1897. Envoy\u00e9 dans la disponibilit\u00e9 le 27 septembre 1900.<br>Affect\u00e9 au 8\u00e8me r\u00e9giment d\u2019infanterie coloniale (d\u00e9cembre 1914).<br>Mis \u00e0 disposition de la marine \u00e0 compter du 05 f\u00e9vrier 1915.<\/p>\n\n\n\n<p class=\"has-text-align-center\"><strong>Giovannetti Jacques Antoine<\/strong><br>N\u00e9 le 02 f\u00e9vrier 1867, fils de Pierre-Fran\u00e7ois et de Gilormini Anne.<br>Appel\u00e9 au 116\u00e8me Territorial mobilis\u00e9 par d\u00e9cret du 01er ao\u00fbt 1914.<br>Renvoy\u00e9 dans ses foyers le 26 novembre&nbsp; 1914.<\/p>\n\n\n\n<div class=\"wp-block-media-text is-stacked-on-mobile\" style=\"grid-template-columns:15% auto\"><figure class=\"wp-block-media-text__media\"><a href=\"https:\/\/www.nativu.org\/wp-content\/uploads\/2024\/08\/giovannetti-marc-m.jpg\"><img loading=\"lazy\" decoding=\"async\" width=\"325\" height=\"313\" src=\"https:\/\/www.nativu.org\/wp-content\/uploads\/2024\/08\/giovannetti-marc-m.jpg\" alt=\"\" class=\"wp-image-355 size-full\" srcset=\"https:\/\/www.nativu.org\/wp-content\/uploads\/2024\/08\/giovannetti-marc-m.jpg 325w, https:\/\/www.nativu.org\/wp-content\/uploads\/2024\/08\/giovannetti-marc-m-300x289.jpg 300w\" sizes=\"auto, (max-width: 325px) 100vw, 325px\" \/><\/a><\/figure><div class=\"wp-block-media-text__content\">\n<p class=\"has-text-align-center\"><strong>Giovannetti Marc Marie<\/strong><br><a href=\"http:\/\/www.nativu.org\/wp-content\/uploads\/2018\/11\/giovannetti-marc-m.jpg\"><\/a>N\u00e9 le 28 janvier 1891, fils de Charles Antoine et de Calvelli Marie Lucie.<br>Incorpor\u00e9 14 octobre 1912.<br>111\u00e8me r\u00e9giment d\u2019infanterie.<br>173\u00e8me r\u00e9giment d\u2019infanterie.<br>Fait prisonnier le 20 mars 1916 au bois de Malancourt.<br>Rapatri\u00e9 d\u2019Allemagne le 26 janvier&nbsp; 1919.<\/p>\n<\/div><\/div>\n\n\n\n<p class=\"has-text-align-center\"><strong>Giovannetti Nicorote<\/strong><br>N\u00e9 le 23 d\u00e9cembre 1869, fils de Pierre Marie et Gilormini Marie.<br>Incorpor\u00e9 au 3\u00e8me de ligne \u00e0 compter du 19 novembre 1890. Envoy\u00e9 en cong\u00e9 le 24 septembre 1893.<br>Mobilis\u00e9 au 116\u00e8me territorial mobilis\u00e9 par d\u00e9cret du 01er ao\u00fbt 1914.<br>Passe au 119\u00e8me territorial \u00e0 compter du 27 f\u00e9vrier 1916.<br>R\u00e9affect\u00e9 au 116\u00e8me territorial le 08 mai 1916 comme \u00e9tant d\u00e9tach\u00e9 \u00e0 l\u2019artillerie navale de Toulon.<br>D\u00e9tach\u00e9 dans ses foyers&nbsp; en qualit\u00e9 de fermier le 07 mars 1917.<br>Lib\u00e9r\u00e9 d\u00e9finitivement des obligations militaires le 01er d\u00e9cembre 1918.<\/p>\n\n\n\n<p class=\"has-text-align-center\"><strong>Giovannetti Pierre Dominique<\/strong><br>N\u00e9 le 12 d\u00e9cembre 1875, fils de Pierre Fran\u00e7ois et de Gilormini Anne.<br>Incorpor\u00e9 au 111\u00e8me r\u00e9giment d\u2019infanterie \u00e0 compter du 21 novembre 1897.<br>Envoy\u00e9 en cong\u00e9 le 20 septembre 1899.<br>Rappel\u00e9 \u00e0 l\u2019activit\u00e9 par d\u00e9cret de mobilisation g\u00e9n\u00e9rale du 01er ao\u00fbt 1914.<br>Incorpor\u00e9 au 116\u00e8me r\u00e9giment d\u2019infanterie.<br>Class\u00e9 au service auxiliaire sur proposition de la commission de r\u00e9forme de Tunis du 08 f\u00e9vrier 1916 pour \u00ab&nbsp;hypertrophie du foie&nbsp;lithiase biliaire\u00bb.<br>Renvoy\u00e9 dans ses foyers le 29 septembre 1917.<\/p>\n\n\n\n<p class=\"has-text-align-center\"><strong>Giovannetti Pierre Marie<\/strong><br>N\u00e9 le 01er f\u00e9vrier 1871, fils de Charles Antoine et de Calvelli Marie Lucie.<br>Affect\u00e9 au 144\u00e8me r\u00e9giment d\u2019infanterie par le recrutement de Bordeaux le 23 ao\u00fbt 1916.<br>Affect\u00e9 au 116\u00e8me territorial \u00e0 Cort\u00e9 \u00e0 compter du 31 mars 1917.<br>D\u00e9tach\u00e9 dans ses foyers en tant que propri\u00e9taire exploitant le 18 juin 1917.<\/p>\n\n\n\n<div class=\"wp-block-media-text is-stacked-on-mobile\" style=\"grid-template-columns:15% auto\"><figure class=\"wp-block-media-text__media\"><a href=\"https:\/\/www.nativu.org\/wp-content\/uploads\/2024\/08\/girolami-andre.jpg\"><img loading=\"lazy\" decoding=\"async\" width=\"313\" height=\"317\" src=\"https:\/\/www.nativu.org\/wp-content\/uploads\/2024\/08\/girolami-andre.jpg\" alt=\"\" class=\"wp-image-356 size-full\" srcset=\"https:\/\/www.nativu.org\/wp-content\/uploads\/2024\/08\/girolami-andre.jpg 313w, https:\/\/www.nativu.org\/wp-content\/uploads\/2024\/08\/girolami-andre-296x300.jpg 296w\" sizes=\"auto, (max-width: 313px) 100vw, 313px\" \/><\/a><\/figure><div class=\"wp-block-media-text__content\">\n<p class=\"has-text-align-center\"><strong>Girolami Andr\u00e9<\/strong><br><a href=\"http:\/\/www.nativu.org\/wp-content\/uploads\/2018\/11\/girolami-andre.jpg\"><\/a>N\u00e9 le 10 f\u00e9vrier 1882, fils de Joseph Marie et de Dominici Marie Assunta.<br>Incorpor\u00e9 au 111\u00e8me r\u00e9giment d\u2019infanterie \u00e0 compter du 19 novembre 1903.<br>173\u00e8me r\u00e9giment d\u2019infanterie.<br>Prisonnier de guerre en Allemagne du 20 ao\u00fbt 1914 et rapatri\u00e9 le 13 d\u00e9cembre 1918.<\/p>\n\n\n\n<p><\/p>\n<\/div><\/div>\n\n\n\n<p class=\"has-text-align-center\"><strong>Girolami Antoine Marie<\/strong><br>N\u00e9 le 08 d\u00e9cembre 1868, fils de Antoine Toussaint et de Marie Toussainte Matraglia.<br>Incorpor\u00e9 au 38\u00e8me d\u2019artillerie \u00e0 compter du 13 novembre 1889. Envoy\u00e9 en cong\u00e9 le 21 septembre 1892.<br>Rappel\u00e9 \u00e0 l\u2019activit\u00e9 (d\u00e9cret de mobilisation d\u2019ao\u00fbt 1914).<br>Renvoy\u00e9 dans ses foyers le 27 d\u00e9cembre 1914.<\/p>\n\n\n\n<div class=\"wp-block-media-text is-stacked-on-mobile\" style=\"grid-template-columns:15% auto\"><figure class=\"wp-block-media-text__media\"><a href=\"https:\/\/www.nativu.org\/wp-content\/uploads\/2024\/10\/girolami-mathieu-2.jpg\"><img loading=\"lazy\" decoding=\"async\" width=\"673\" height=\"1024\" src=\"https:\/\/www.nativu.org\/wp-content\/uploads\/2024\/10\/girolami-mathieu-2-673x1024.jpg\" alt=\"\" class=\"wp-image-1250 size-full\" srcset=\"https:\/\/www.nativu.org\/wp-content\/uploads\/2024\/10\/girolami-mathieu-2-673x1024.jpg 673w, https:\/\/www.nativu.org\/wp-content\/uploads\/2024\/10\/girolami-mathieu-2-197x300.jpg 197w, https:\/\/www.nativu.org\/wp-content\/uploads\/2024\/10\/girolami-mathieu-2-768x1169.jpg 768w, https:\/\/www.nativu.org\/wp-content\/uploads\/2024\/10\/girolami-mathieu-2.jpg 789w\" sizes=\"auto, (max-width: 673px) 100vw, 673px\" \/><\/a><\/figure><div class=\"wp-block-media-text__content\">\n<p class=\"has-text-align-center\"><strong>Girolami Mathieu<\/strong><br><a href=\"http:\/\/www.nativu.org\/wp-content\/uploads\/2019\/03\/girolami-mathieu2.jpg\"><\/a>N\u00e9 le 16 f\u00e9vrier 1869, fils de J\u00e9r\u00f4me et de Graziani Marie Toussainte.<br>Incorpor\u00e9 au 38\u00e8me r\u00e9giment d\u2019artillerie \u00e0 compter du 10 d\u00e9cembre 1888, engag\u00e9 volontaire pour cinq ans.<br>Rappel\u00e9 \u00e0 l\u2019activit\u00e9 par d\u00e9cret de mobilisation g\u00e9n\u00e9rale (Ao\u00fbt 1914).<\/p>\n\n\n\n<p><\/p>\n\n\n\n<p><\/p>\n\n\n\n<p><\/p>\n<\/div><\/div>\n\n\n\n<p class=\"has-text-align-center\"><strong>Girolami Toussaint<\/strong><br>N\u00e9 le 14 juillet 1871, fils de j\u00e9r\u00f4me et de Graziani Marie Toussainte.<br>Incorpor\u00e9 au 40\u00e8me de ligne \u00e0 partir du 13 novembre 1894. En cong\u00e9 le 24 septembre 1895.<br>Mobilis\u00e9 au 116\u00e8me territorial, arriv\u00e9 au corps le 24 ao\u00fbt 1914<br>Passe au bataillon de travailleur du 113\u00e8me territorial d\u2019infanterie le 03 avril 1915.<br>Pass\u00e9 au 173\u00e8me d\u2019infanterie \u00e0 compter du 10 novembre 1917.<br>Lib\u00e9r\u00e9 d\u00e9finitivement le 20 d\u00e9cembre 1918.<\/p>\n\n\n\n<p class=\"has-text-align-center\"><strong>Grossi Aur\u00e8le<\/strong><br>N\u00e9 le 23 janvier 1879, fils de Dominique et Girolami Marie Toussainte.<br>Incorpor\u00e9 au 8\u00e8me colonial \u00e0 compter du 26 mars 1915.<br>Passe au 38\u00e8me colonial le 22 juin 1915.<br>Passe au 3\u00e8me colonial le 06 f\u00e9vrier 1916.<br>Disparu \u00e0 bord de la Provence II le 26 f\u00e9vrier 1916.<\/p>\n\n\n\n<div class=\"wp-block-media-text is-stacked-on-mobile\" style=\"grid-template-columns:15% auto\"><figure class=\"wp-block-media-text__media\"><a href=\"https:\/\/www.nativu.org\/wp-content\/uploads\/2024\/10\/Grossi-Jean.jpg\"><img loading=\"lazy\" decoding=\"async\" width=\"321\" height=\"341\" src=\"https:\/\/www.nativu.org\/wp-content\/uploads\/2024\/10\/Grossi-Jean.jpg\" alt=\"\" class=\"wp-image-1251 size-full\" srcset=\"https:\/\/www.nativu.org\/wp-content\/uploads\/2024\/10\/Grossi-Jean.jpg 321w, https:\/\/www.nativu.org\/wp-content\/uploads\/2024\/10\/Grossi-Jean-282x300.jpg 282w\" sizes=\"auto, (max-width: 321px) 100vw, 321px\" \/><\/a><\/figure><div class=\"wp-block-media-text__content\">\n<p class=\"has-text-align-center\"><strong>Grossi Jean<\/strong><br><a href=\"http:\/\/www.nativu.org\/wp-content\/uploads\/2018\/11\/grossi-jean.jpg\"><\/a>N\u00e9 le 18 mai 1887, fils de Bernardin et de Gilormini Marie Dominique.<br>Rappel\u00e9 \u00e0 l&rsquo;activit\u00e9 le 02 ao\u00fbt 1914.<br>5\u00e8me d\u00e9p\u00f4t de la flotte du 23 f\u00e9vrier 1915 au 27 f\u00e9vrier 1915.<br>En sursis du 27 f\u00e9vrier 1915 au 07 janvier 1916.<br>Embarqu\u00e9 sur le Nera du 08 janvier 1916 au 07 f\u00e9vrier 1917.<br>Au 5\u00e8me d\u00e9p\u00f4t de la flotte \u00e0 compter du 07 f\u00e9vrier 1917.<\/p>\n<\/div><\/div>\n\n\n\n<div class=\"wp-block-media-text has-media-on-the-right is-stacked-on-mobile\" style=\"grid-template-columns:auto 15%\"><div class=\"wp-block-media-text__content\">\n<p class=\"has-text-align-center\"><strong>Grossi Nonce Fran\u00e7ois<\/strong><br><a href=\"http:\/\/www.nativu.org\/wp-content\/uploads\/2018\/11\/grossi-francois.jpg\"><\/a>N\u00e9 le 25 mars 1896, fils de Paul Fran\u00e7ois et de Franceschi Julie Marie.<br>Incorpor\u00e9 \u00e0 compter du 14 avril 1915, 7\u00e8me bataillon de chasseurs \u00e0 pied.<br>Bless\u00e9 le 07 juin 1918 en Belgique (plaie superficielle fesse droite).<br>Tu\u00e9 le 14 octobre 1918 \u00e0 Morcourt (aisne) par grenade.<\/p>\n<\/div><figure class=\"wp-block-media-text__media\"><a href=\"https:\/\/www.nativu.org\/wp-content\/uploads\/2024\/08\/grossi-francois.jpg\"><img loading=\"lazy\" decoding=\"async\" width=\"313\" height=\"309\" src=\"https:\/\/www.nativu.org\/wp-content\/uploads\/2024\/08\/grossi-francois.jpg\" alt=\"\" class=\"wp-image-357 size-full\" srcset=\"https:\/\/www.nativu.org\/wp-content\/uploads\/2024\/08\/grossi-francois.jpg 313w, https:\/\/www.nativu.org\/wp-content\/uploads\/2024\/08\/grossi-francois-300x296.jpg 300w\" sizes=\"auto, (max-width: 313px) 100vw, 313px\" \/><\/a><\/figure><\/div>\n\n\n\n<div class=\"wp-block-media-text is-stacked-on-mobile\" style=\"grid-template-columns:15% auto\"><figure class=\"wp-block-media-text__media\"><a href=\"https:\/\/www.nativu.org\/wp-content\/uploads\/2024\/08\/grossi-pierre-a.jpg\"><img loading=\"lazy\" decoding=\"async\" width=\"313\" height=\"309\" src=\"https:\/\/www.nativu.org\/wp-content\/uploads\/2024\/08\/grossi-pierre-a.jpg\" alt=\"\" class=\"wp-image-359 size-full\" srcset=\"https:\/\/www.nativu.org\/wp-content\/uploads\/2024\/08\/grossi-pierre-a.jpg 313w, https:\/\/www.nativu.org\/wp-content\/uploads\/2024\/08\/grossi-pierre-a-300x296.jpg 300w\" sizes=\"auto, (max-width: 313px) 100vw, 313px\" \/><\/a><\/figure><div class=\"wp-block-media-text__content\">\n<p class=\"has-text-align-center\"><strong>Grossi Pierre Antoine<\/strong><br><a href=\"http:\/\/www.nativu.org\/wp-content\/uploads\/2018\/11\/grossi-pierre-a.jpg\"><\/a>N\u00e9 le 26 janvier 1880, fils de Bernardin et de Gilormini Marie Dominique.<br>Incorpor\u00e9 au 38\u00e8me r\u00e9giment d\u2019artillerie \u00e0 compter du 15 novembre 1901.<br>Brigadier le 21 novembre 1902.<br>13 janvier 1905&nbsp;: 19\u00e8me r\u00e9giment d\u2019artillerie.<br>Nomm\u00e9 Mar\u00e9chal des logis le 09 juin 1905.<br>Passe au 2\u00e8me R\u00e9giment&nbsp; d\u2019artillerie de montagne le 01er mars 1910 avec le grade de Mar\u00e9chal des logis fourrier.<br>Nomm\u00e9 Adjudant le 03 avril 1915.<br>Affect\u00e9 en Corse en janvier 1920 (gardien de batterie).<br>Nomm\u00e9 Adjudant Chef le 11 octobre 1923.<\/p>\n<\/div><\/div>\n\n\n\n<div class=\"wp-block-media-text has-media-on-the-right is-stacked-on-mobile\" style=\"grid-template-columns:auto 15%\"><div class=\"wp-block-media-text__content\">\n<p class=\"has-text-align-center\"><strong>Grossi Thomas<\/strong><br><a href=\"http:\/\/www.nativu.org\/wp-content\/uploads\/2018\/11\/grossi-thomas.jpg\"><\/a>N\u00e9 le 18 mai 1887, fils de Dominique et Girolami Marie Toussainte.<br>Affect\u00e9 au 4\u00e8me colonial (1914).<br>Embarqu\u00e9 pour les Dardanelles le 24 juin 1915.<br>Caporal le 06 d\u00e9cembre 1916. Passe au 22\u00e8me colonial le 08 juin 1917.<\/p>\n\n\n\n<p><\/p>\n<\/div><figure class=\"wp-block-media-text__media\"><a href=\"https:\/\/www.nativu.org\/wp-content\/uploads\/2024\/08\/grossi-thomas.jpg\"><img loading=\"lazy\" decoding=\"async\" width=\"329\" height=\"325\" src=\"https:\/\/www.nativu.org\/wp-content\/uploads\/2024\/08\/grossi-thomas.jpg\" alt=\"\" class=\"wp-image-360 size-full\" srcset=\"https:\/\/www.nativu.org\/wp-content\/uploads\/2024\/08\/grossi-thomas.jpg 329w, https:\/\/www.nativu.org\/wp-content\/uploads\/2024\/08\/grossi-thomas-300x296.jpg 300w\" sizes=\"auto, (max-width: 329px) 100vw, 329px\" \/><\/a><\/figure><\/div>\n\n\n\n<div class=\"wp-block-media-text is-stacked-on-mobile\" style=\"grid-template-columns:15% auto\"><figure class=\"wp-block-media-text__media\"><a href=\"https:\/\/www.nativu.org\/wp-content\/uploads\/2024\/08\/grossi-toussaint.jpg\"><img loading=\"lazy\" decoding=\"async\" width=\"305\" height=\"321\" src=\"https:\/\/www.nativu.org\/wp-content\/uploads\/2024\/08\/grossi-toussaint.jpg\" alt=\"\" class=\"wp-image-361 size-full\" srcset=\"https:\/\/www.nativu.org\/wp-content\/uploads\/2024\/08\/grossi-toussaint.jpg 305w, https:\/\/www.nativu.org\/wp-content\/uploads\/2024\/08\/grossi-toussaint-285x300.jpg 285w\" sizes=\"auto, (max-width: 305px) 100vw, 305px\" \/><\/a><\/figure><div class=\"wp-block-media-text__content\">\n<p class=\"has-text-align-center\"><strong>Grossi Toussaint<\/strong><br><a href=\"http:\/\/www.nativu.org\/wp-content\/uploads\/2018\/11\/grossi-toussaint.jpg\"><\/a>N\u00e9 le 08 mai 1875, fils de Dominique et de Marie Toussainte Girolami.<br>Incorpor\u00e9 au 19\u00e8me r\u00e9giment d\u2019artillerie \u00e0 compter du 11 novembre 1896.<br>1er canonnier conducteur le 7 octobre 1897. Envoy\u00e9 en cong\u00e9 \u00e0 compter du 24 septembre 1899.<br>Rappel\u00e9 par d\u00e9cret de mobilisation g\u00e9n\u00e9rale le 01er ao\u00fbt 1914. Incorpor\u00e9 au 2\u00e8me d\u2019artillerie de montagne.<br>D\u00e9mobilis\u00e9 le 17 janvier 1919.<\/p>\n<\/div><\/div>\n\n\n\n<div class=\"wp-block-media-text has-media-on-the-right is-stacked-on-mobile\" style=\"grid-template-columns:auto 15%\"><div class=\"wp-block-media-text__content\">\n<p class=\"has-text-align-center\"><strong>Grossi Vincent<\/strong><br><a href=\"http:\/\/www.nativu.org\/wp-content\/uploads\/2018\/11\/grossi-vincent.jpg\"><\/a>N\u00e9 le 17 d\u00e9cembre 1891, fils de Paul Fran\u00e7ois et de Franceschi Marie Dominique.<br>Incorpor\u00e9 le 09 octobre 1913 au 159\u00e8me r\u00e9giment d\u2019infanterie.<br>Bless\u00e9 le 19 ao\u00fbt 1914, plaie main gauche par balle.<br>Bless\u00e9 le 15 novembre 1914 \u00e0 Berthonval.<br>Citation le 11 mars 1918&nbsp;: \u00ab&nbsp; Au front depuis le d\u00e9but de la campagne, a toujours fait son devoir. Bless\u00e9 deux fois le 19 ao\u00fbt et le 15 novembre 1914.&nbsp;\u00bb<br>Citation le 5 novembre 1918&nbsp;: \u00ab&nbsp;Excellent observateur. D\u00e9tach\u00e9 aupr\u00e8s du commandant du 1er bataillon a assur\u00e9 la liaison sous un violent bombardement les 17 et 18 octobre 1918.&nbsp;\u00bb<br>D\u00e9cor\u00e9 de la Croix de guerre, \u00e9toile bronze.<br>Citation du 08 d\u00e9cembre 1918&nbsp;: \u00ab&nbsp;Soldat observateur ayant du coup d\u2019\u0153il et beaucoup de sang froid est rest\u00e9 toute la journ\u00e9e du 31 octobre 1918 [\u2026] dans un observatoire soumis \u00e0 de tr\u00e8s violents tirs d\u2019artillerie et s\u2019y est maintenu malgr\u00e9 une violente commotion caus\u00e9e par l\u2019\u00e9clatement d\u2019un obus dans l\u2019int\u00e9rieur de l\u2019observatoire.&nbsp;\u00bb<\/p>\n<\/div><figure class=\"wp-block-media-text__media\"><a href=\"https:\/\/www.nativu.org\/wp-content\/uploads\/2024\/08\/grossi-vincent.jpg\"><img loading=\"lazy\" decoding=\"async\" width=\"313\" height=\"329\" src=\"https:\/\/www.nativu.org\/wp-content\/uploads\/2024\/08\/grossi-vincent.jpg\" alt=\"\" class=\"wp-image-362 size-full\" srcset=\"https:\/\/www.nativu.org\/wp-content\/uploads\/2024\/08\/grossi-vincent.jpg 313w, https:\/\/www.nativu.org\/wp-content\/uploads\/2024\/08\/grossi-vincent-285x300.jpg 285w\" sizes=\"auto, (max-width: 313px) 100vw, 313px\" \/><\/a><\/figure><\/div>\n\n\n\n<p class=\"has-text-align-center\"><strong>Leonardi Dominique<\/strong><br>N\u00e9 le 21 f\u00e9vrier 1889, fils de Dominique Vincent Marie et de Gilormini Marie F\u00e9licit\u00e9.<br>Incorpor\u00e9 le 13 octobre 1910 au 19\u00e8me r\u00e9giment d\u2019artillerie de campagne.<br>3\u00e8me r\u00e9giment de spahis \u00e0 compter du 15 novembre 1914.<br>Brigadier le 26 novembre 1914.<br>Mar\u00e9chal des logis le 17 d\u00e9cembre 1915.<br>M\u00e9daille coloniale avec agrafe Tunisie.<\/p>\n\n\n\n<p class=\"has-text-align-center\"><strong>Maestracci Pierre Antoine<\/strong><br>N\u00e9 le 26 mars 1877 \u00e0 Bastia, fils de Marc Aur\u00e8le et de Olmeta Julie.<br>Incorpor\u00e9 au 163\u00e8me R\u00e9giment d\u2019Infanterie \u00e0 compter du 14 novembre 1898. Envoy\u00e9 en cong\u00e9 le 20 septembre 1899.<br>Rappel\u00e9 \u00e0 l\u2019activit\u00e9 par d\u00e9cret de mobilisation g\u00e9n\u00e9rale en date du 02 ao\u00fbt 1914.<br>Incorpor\u00e9 au 203\u00e8me r\u00e9giment d\u2019infanterie.<br>Evacu\u00e9 le 21 mars 1915, sorti de l\u2019h\u00f4pital le 23 mai 1915. D\u00e9clar\u00e9 d\u00e9serteur le 26 mai 1915. Arr\u00eat\u00e9 par la gendarmerie de Marseille le 10 d\u00e9cembre 1917.<br>En prison jusqu\u2019\u00e0 d\u00e9cision \u00e0 venir.<br>Condamn\u00e9 par le conseil de guerre le 21 mai 1918 \u00e0 cinq ans de prison avec sursis pour d\u00e9sertion \u00e0 l\u2019int\u00e9rieur en temps de guerre.<br>Dirig\u00e9 le 07 juin sur le 203\u00e8me R\u00e9giment d\u2019Infanterie.<\/p>\n\n\n\n<div class=\"wp-block-media-text is-stacked-on-mobile\" style=\"grid-template-columns:15% auto\"><figure class=\"wp-block-media-text__media\"><a href=\"https:\/\/www.nativu.org\/wp-content\/uploads\/2024\/08\/maestracci-petritto.jpg\"><img loading=\"lazy\" decoding=\"async\" width=\"317\" height=\"317\" src=\"https:\/\/www.nativu.org\/wp-content\/uploads\/2024\/08\/maestracci-petritto.jpg\" alt=\"\" class=\"wp-image-363 size-full\" srcset=\"https:\/\/www.nativu.org\/wp-content\/uploads\/2024\/08\/maestracci-petritto.jpg 317w, https:\/\/www.nativu.org\/wp-content\/uploads\/2024\/08\/maestracci-petritto-300x300.jpg 300w, https:\/\/www.nativu.org\/wp-content\/uploads\/2024\/08\/maestracci-petritto-150x150.jpg 150w\" sizes=\"auto, (max-width: 317px) 100vw, 317px\" \/><\/a><\/figure><div class=\"wp-block-media-text__content\">\n<p class=\"has-text-align-center\"><strong>Maestracci Pietri Pierre Antoine<\/strong><br><a href=\"http:\/\/www.nativu.org\/wp-content\/uploads\/2018\/11\/maestracci-petritto.jpg\"><\/a>Engag\u00e9 volontaire pour 4 ans le 07 octobre 1912.<br>37\u00e8me r\u00e9giment d\u2019infanterie.<br>Passe au 167\u00e8me r\u00e9giment d\u2019infanterie le 15 avril 1913.<br>A obtenu au concours de tir du 09 juillet 1914 l\u2019insigne de tir avec cor de chasse en argent dor\u00e9.<br>Tomb\u00e9 aux mains de l\u2019ennemi le 29 ao\u00fbt 1914.<br>Rapatri\u00e9 le 19 d\u00e9cembre 1918.<\/p>\n<\/div><\/div>\n\n\n\n<p class=\"has-text-align-center\"><strong>Marfisi Antoine Alexandre<\/strong><br>N\u00e9 le 13 juin 1889, fils de Paul Jean et de Maestracci Anne Marie.<br>Dirig\u00e9 le 13 octobre 1910 sur le 141\u00e8me r\u00e9giment d\u2019infanterie.<br>Affect\u00e9 au 173\u00e8me r\u00e9giment d\u2019infanterie mobilis\u00e9 par d\u00e9cret de mobilisation g\u00e9n\u00e9rale du 01er ao\u00fbt 1914.<br>Disparu avec pr\u00e9somption de d\u00e9c\u00e8s le 09 septembre 1914 au combat de Mogn\u00e9ville la beuze.<\/p>\n\n\n\n<div class=\"wp-block-media-text is-stacked-on-mobile\" style=\"grid-template-columns:15% auto\"><figure class=\"wp-block-media-text__media\"><a href=\"https:\/\/www.nativu.org\/wp-content\/uploads\/2024\/08\/marfisi-dominique.jpg\"><img loading=\"lazy\" decoding=\"async\" width=\"321\" height=\"317\" src=\"https:\/\/www.nativu.org\/wp-content\/uploads\/2024\/08\/marfisi-dominique.jpg\" alt=\"\" class=\"wp-image-365 size-full\" srcset=\"https:\/\/www.nativu.org\/wp-content\/uploads\/2024\/08\/marfisi-dominique.jpg 321w, https:\/\/www.nativu.org\/wp-content\/uploads\/2024\/08\/marfisi-dominique-300x296.jpg 300w\" sizes=\"auto, (max-width: 321px) 100vw, 321px\" \/><\/a><\/figure><div class=\"wp-block-media-text__content\">\n<p class=\"has-text-align-center\"><strong>Marfisi Dominique<\/strong><br><a href=\"http:\/\/www.nativu.org\/wp-content\/uploads\/2018\/11\/marfisi-dominique.jpg\"><\/a>N\u00e9 le 30 octobre 1896, fils de Paul Jean et de Maestracci Anne Marie.<br>Incorpor\u00e9 \u00e0 compter du 16 ao\u00fbt 1916 au 27\u00e8me bataillon de chasseurs.<\/p>\n<\/div><\/div>\n\n\n\n<p><\/p>\n\n\n\n<p class=\"has-text-align-center\"><strong>Marfisi Dominique Marie<\/strong><br>N\u00e9 le 18 octobre 1874, fils de Joseph et de Mariani Marie Jeanne.<br>Affect\u00e9 au 116\u00e8me territorial d\u2019infanterie le 26 septembre 1914.<br>Passe au 104\u00e8me d\u2019infanterie le 02 f\u00e9vrier 1916.<br>Passe au 232\u00e8me territorial d\u2019infanterie, d\u00e9tach\u00e9 comme agriculteur p\u00e8re de cinq enfants dirig\u00e9 sur Ajaccio.<br>Passe au 173\u00e8me r\u00e9giment d\u2019infanterie le 10 novembre 1917.<\/p>\n\n\n\n<p class=\"has-text-align-center\"><strong>Marfisi Fran\u00e7ois Toussaint<\/strong><br>N\u00e9 le 03 juillet 1893, fils de Toussaint Mathieu et de Grossi Marie.<br>Engag\u00e9 volontaire pour quatre ans le 25 octobre 1913 au 3\u00e8me r\u00e9giment de chasseurs d\u2019Afrique.<br>Nomm\u00e9 brigadier le 25 juillet 1914.<br>Passe au 4\u00e8me chasseurs d\u2019Afrique le 17 ao\u00fbt 1917.<br>Dirig\u00e9 sur l\u2019arm\u00e9e d\u2019Orient le 25 mai 1918.<br>Nomm\u00e9 mar\u00e9chal des logis le 02 septembre 1918.<br>Citation le 13 f\u00e9vrier 1919&nbsp;: \u00abEclaireur \u00e0 la pointe d\u2019avant-garde, en reconnaissance le 29 septembre 1918, a fait preuve de bravoure, d\u2019esprit de d\u00e9cision devant le village d\u2019Urumli&nbsp;(Serbie) a fait \u00e9viter \u00e0 son escouade de lourdes pertes.&nbsp;\u00bb Croix de guerre \u00e9toile de bronze.<br>Mar\u00e9chal des logis fourrier le 18 f\u00e9vrier 1919.<\/p>\n\n\n\n<div class=\"wp-block-media-text is-stacked-on-mobile\" style=\"grid-template-columns:15% auto\"><figure class=\"wp-block-media-text__media\"><a href=\"https:\/\/www.nativu.org\/wp-content\/uploads\/2024\/08\/marfisi-marius.jpg\"><img loading=\"lazy\" decoding=\"async\" width=\"309\" height=\"301\" src=\"https:\/\/www.nativu.org\/wp-content\/uploads\/2024\/08\/marfisi-marius.jpg\" alt=\"\" class=\"wp-image-366 size-full\" srcset=\"https:\/\/www.nativu.org\/wp-content\/uploads\/2024\/08\/marfisi-marius.jpg 309w, https:\/\/www.nativu.org\/wp-content\/uploads\/2024\/08\/marfisi-marius-300x292.jpg 300w\" sizes=\"auto, (max-width: 309px) 100vw, 309px\" \/><\/a><\/figure><div class=\"wp-block-media-text__content\">\n<p class=\"has-text-align-center\"><strong>Marfisi Marius<\/strong><br><a href=\"http:\/\/www.nativu.org\/wp-content\/uploads\/2018\/11\/marfisi-marius.jpg\"><\/a>N\u00e9 le 29 janvier 1887, fils de Paul Jean et de Maestracci Anne Marie.<br>Engag\u00e9 volontaire pour quatre ans&nbsp; au 9\u00e8me r\u00e9giment de hussards le 10 juin 1908. Lib\u00e9r\u00e9 du service actif le 10 juin 1912.<br>Rappel\u00e9 \u00e0 l\u2019activit\u00e9 par d\u00e9cret de mobilisation g\u00e9n\u00e9rale du 01er ao\u00fbt 1914.<br>2\u00e8me Classe au 373\u00e8me R\u00e9giment d\u2019Infanterie.<br>D\u00e9c\u00e9d\u00e9 le 25 f\u00e9vrier 1915 \u00e0 l\u2019h\u00f4pital militaire de Verdun (suites blessures de guerre).<br>\u00ab&nbsp;Mort pour la France&nbsp;\u00bb.<\/p>\n<\/div><\/div>\n\n\n\n<p class=\"has-text-align-center\"><strong>Marfisi Pierre Fran\u00e7ois<\/strong><br>N\u00e9 le 26 janvier 1885, fils de Antoine Martin et de Palazzo Marie Fran\u00e7oise.<br>Affect\u00e9 au r\u00e9giment d\u2019infanterie de la Corse.<\/p>\n\n\n\n<p class=\"has-text-align-center\"><strong>Marfisi Toussaint Martin<\/strong><br>N\u00e9 le 29 mai 1894.<br>Incorpor\u00e9 au 52\u00e8me r\u00e9giment d\u2019infanterie \u00e0 compter du 15 septembre 1914.<br>Cit\u00e9 \u00e0 l\u2019ordre du r\u00e9giment le 08 janvier 1919 \u00ab&nbsp;Excellents soldats courageux et d\u00e9vou\u00e9s au front depuis le d\u00e9but de la campagne, ont toujours fait leur devoir&nbsp;\u00bb.<\/p>\n\n\n\n<div class=\"wp-block-media-text is-stacked-on-mobile\" style=\"grid-template-columns:15% auto\"><figure class=\"wp-block-media-text__media\"><a href=\"https:\/\/www.nativu.org\/wp-content\/uploads\/2024\/08\/mariani-ambroise.jpg\"><img loading=\"lazy\" decoding=\"async\" width=\"321\" height=\"317\" src=\"https:\/\/www.nativu.org\/wp-content\/uploads\/2024\/08\/mariani-ambroise.jpg\" alt=\"\" class=\"wp-image-367 size-full\" srcset=\"https:\/\/www.nativu.org\/wp-content\/uploads\/2024\/08\/mariani-ambroise.jpg 321w, https:\/\/www.nativu.org\/wp-content\/uploads\/2024\/08\/mariani-ambroise-300x296.jpg 300w\" sizes=\"auto, (max-width: 321px) 100vw, 321px\" \/><\/a><\/figure><div class=\"wp-block-media-text__content\">\n<p class=\"has-text-align-center\"><strong>Mariani Ambroise<\/strong><br><a href=\"http:\/\/www.nativu.org\/wp-content\/uploads\/2018\/11\/mariani-ambroise.jpg\"><\/a>N\u00e9 le 25 septembre 1896, fils de Antoine Joseph et de Bay Catherine.<br>Incorpor\u00e9 \u00e0 compter du 09 avril 1915 au 71\u00e8me r\u00e9giment d\u2019infanterie.<br>Passe au 140\u00e8me r\u00e9giment d\u2019infanterie le 03 d\u00e9cembre 1915.<br>Passe au 35\u00e8me r\u00e9giment d\u2019infanterie le 11 juin 1917.<br>Volontaire pour l\u2019arm\u00e9e de l\u2019orient.<br>Passe au 371\u00e8me r\u00e9giment d\u2019infanterie le 20 ao\u00fbt 1917.<br>Nomm\u00e9 caporal le 15 f\u00e9vrier 1918.<\/p>\n<\/div><\/div>\n\n\n\n<p class=\"has-text-align-center\"><strong>Mariani Ambroise<\/strong><br>N\u00e9 le 06 d\u00e9cembre 1896, fils de Sylvestre et de Pierantoni Marie.<br>Incorpor\u00e9 \u00e0 compter du 17 ao\u00fbt 1916 au 4\u00e8me r\u00e9giment d\u2019infanterie coloniale.<br>Pass\u00e9 au 42\u00e8me colonial (par mesure disciplinaire) le 09 septembre 1917.<br>Condamn\u00e9 le 07 septembre 1917 \u00e0 un an de prison pour d\u00e9sertion \u00e0 l\u2019int\u00e9rieur en temps de guerre.<br>Bless\u00e9 \u00e0 la t\u00eate le 20 mars 1918 (blessure l\u00e9g\u00e8re au front).<br>Citation le 14 avril 1918&nbsp;: \u00ab&nbsp;le 20 mars 1918 sous un violent bombardement, est rest\u00e9 \u00e0 son poste de guetteur o\u00f9 il a \u00e9t\u00e9 bless\u00e9 l\u00e9g\u00e8rement et demand\u00e9 \u00e0 ne pas \u00eatre \u00e9vacu\u00e9&nbsp;\u00bb.<\/p>\n\n\n\n<p class=\"has-text-align-center\"><strong>Matraglia Barth\u00e9lemy Jean<\/strong><br>N\u00e9 le 22 janvier 1881, fils de Philippe Napol\u00e9on Honor\u00e9 et de Palazzo Marie Fran\u00e7oise.<br>Incorpor\u00e9 au 27\u00e8me bataillon de chasseurs \u00e0 pied.<br>Envoy\u00e9 dans la disponibilit\u00e9 le 19 septembre 1903.<br>Rappel\u00e9 \u00e0 l\u2019activit\u00e9 par d\u00e9cret de mobilisation g\u00e9n\u00e9rale du 01er ao\u00fbt 1914.<br>Evacu\u00e9 intoxiqu\u00e9 le 11 ao\u00fbt 1918. Conjonctivite par gaz.<\/p>\n\n\n\n<p class=\"has-text-align-center\"><strong>Matraglia Jean<\/strong><br>N\u00e9 le 01er janvier 1886, fils de Saint Marc et de Calvelli Marie Comtesse.<br>Affect\u00e9 au 5\u00e8me d\u00e9p\u00f4t de la flotte le 10 janvier 1906.<br>Envoy\u00e9 aux sections sp\u00e9ciales le 14 mai 1916 pour absence ill\u00e9gale de 43 heures en temps de guerre, avoir manqu\u00e9 le d\u00e9part de son b\u00e2timent et mauvaise conduite habituelle.<br>R\u00e9int\u00e9gr\u00e9 au 120\u00e8me r\u00e9giment d\u2019infanterie le 30 janvier 1917.<\/p>\n\n\n\n<p class=\"has-text-align-center\"><strong>Matraglia Saint Marc<\/strong><br>N\u00e9 le 13 f\u00e9vrier 1893, fils de Philippe Napol\u00e9on Honor\u00e9 et de Palazzo Marie Fran\u00e7oise.<br>Engag\u00e9 volontaire le 26 mars 1913, 5\u00e8me r\u00e9giment de chasseurs d\u2019afrique.<br>Passe au 2\u00e8me r\u00e9giment de chasseurs d\u2019afrique \u00e0 compter du 24 Octobre 1913.<br>M\u00e9daille coloniale en agraphe du Maroc.<br>Croix de guerre en \u00e9toile bronze.<br>Citation \u00ab&nbsp; Rentr\u00e9 le premier dans rue [illisible] a pu y faire un prisonnier de l\u2019arri\u00e8re garde ennemie. A Bucilly a oblig\u00e9 les mitrailleuses ennemies \u00e0 se d\u00e9voiler en les approchant \u00e0 quelques m\u00e8tres.&nbsp;\u00bb<\/p>\n\n\n\n<div class=\"wp-block-media-text is-stacked-on-mobile\" style=\"grid-template-columns:15% auto\"><figure class=\"wp-block-media-text__media\"><a href=\"https:\/\/www.nativu.org\/wp-content\/uploads\/2024\/08\/montemagni-andre.jpg\"><img loading=\"lazy\" decoding=\"async\" width=\"325\" height=\"317\" src=\"https:\/\/www.nativu.org\/wp-content\/uploads\/2024\/08\/montemagni-andre.jpg\" alt=\"\" class=\"wp-image-368 size-full\" srcset=\"https:\/\/www.nativu.org\/wp-content\/uploads\/2024\/08\/montemagni-andre.jpg 325w, https:\/\/www.nativu.org\/wp-content\/uploads\/2024\/08\/montemagni-andre-300x293.jpg 300w\" sizes=\"auto, (max-width: 325px) 100vw, 325px\" \/><\/a><\/figure><div class=\"wp-block-media-text__content\">\n<p class=\"has-text-align-center\"><strong>Montemagni Andr\u00e9 Humbert Jean<\/strong><br><a href=\"http:\/\/www.nativu.org\/wp-content\/uploads\/2018\/11\/montemagni-andre.jpg\"><\/a>N\u00e9 le 01er janvier 1886, fils de Louis et Marie J\u00e9romine Devichi.<br>Engag\u00e9 volontaire. Incorpor\u00e9 au 3\u00e8me r\u00e9giment de chasseurs d\u2019Afrique le 03 novembre 1906.<br>Passe au 1er bataillon d\u2019infanterie l\u00e9g\u00e8re d\u2019Afrique le 31 d\u00e9cembre 1908.<br>Chasseur de 1\u00e8re classe le 01er octobre 1909.<br>Passe au 2\u00e8me r\u00e9giment de zouaves le 29 septembre 1911.<br>Lib\u00e9r\u00e9 du service actif le 05 ao\u00fbt 1912.<br>173\u00e8me r\u00e9giment d\u2019infanterie mobilis\u00e9 par d\u00e9cret du 01er ao\u00fbt 1914.<br>Pass\u00e9 au 3\u00e8me chasseurs d\u2019Afrique le 01er f\u00e9vrier 1917.<br>Citation du 13 ao\u00fbt 1918&nbsp;: \u00ab&nbsp;Grad\u00e9 plein d\u2019entrain et d\u2019allant, vient encore de se faire remarquer par sa t\u00e9nacit\u00e9 au cours d\u2019une patrouille de nuit qui a reconnu un village abandonn\u00e9 entre les deux lignes en poussant au-del\u00e0 puisque sous le feu des mitrailleuses ennemies.&nbsp;\u00bb Croix de guerre, \u00e9toile d\u2019argent, m\u00e9daille militaire.<\/p>\n<\/div><\/div>\n\n\n\n<div class=\"wp-block-media-text has-media-on-the-right is-stacked-on-mobile\" style=\"grid-template-columns:auto 15%\"><div class=\"wp-block-media-text__content\">\n<p class=\"has-text-align-center\"><strong>Montemagni David Jean Joseph<\/strong><br><a href=\"http:\/\/www.nativu.org\/wp-content\/uploads\/2018\/11\/montemagni-joseph.jpg\"><\/a>N\u00e9 le 22 avril 1890, fils de Louis et Marie J\u00e9romine Devichi.<br>02 Octobre 1911&nbsp;: 3\u00e8me r\u00e9giment de Chasseurs d\u2019Afrique.<br>173\u00e8me R\u00e9giment d\u2019infanterie de la Corse le 01er octobre 1913.<br>Passe au 141\u00e8me r\u00e9giment d\u2019infanterie le 30 avril 1915.<br>Passe au 360\u00e8me r\u00e9giment d\u2019infanterie le 15 mai 1915.<br>Tu\u00e9 le 01er Octobre 1915 \u00e0 Souchez (Pas de Calais) 2\u00e8me classe au 360 RI.<br>Citation du 24 octobre 1915&nbsp;: \u00ab&nbsp;A \u00e9t\u00e9 un merveilleux exemple pour ses camarades, a \u00e9t\u00e9 tu\u00e9 le 01er octobre 1915 en arrivant sur le parapet de la tranch\u00e9e ennemie.&nbsp;\u00bb Croix de guerre avec \u00e9toile de Bronze.<\/p>\n<\/div><figure class=\"wp-block-media-text__media\"><a href=\"https:\/\/www.nativu.org\/wp-content\/uploads\/2024\/08\/montemagni-joseph.jpg\"><img loading=\"lazy\" decoding=\"async\" width=\"315\" height=\"319\" src=\"https:\/\/www.nativu.org\/wp-content\/uploads\/2024\/08\/montemagni-joseph.jpg\" alt=\"\" class=\"wp-image-369 size-full\" srcset=\"https:\/\/www.nativu.org\/wp-content\/uploads\/2024\/08\/montemagni-joseph.jpg 315w, https:\/\/www.nativu.org\/wp-content\/uploads\/2024\/08\/montemagni-joseph-296x300.jpg 296w\" sizes=\"auto, (max-width: 315px) 100vw, 315px\" \/><\/a><\/figure><\/div>\n\n\n\n<p class=\"has-text-align-center\"><strong>Montemagni Jean Fortun\u00e9<\/strong><br>N\u00e9 le 15 janvier 1895, fils de Jean et de Devichi Marie Pascaline.<br>Incorpor\u00e9 \u00e0 compter du 12 janvier 1916 au 111\u00e8me r\u00e9giment d\u2019infanterie.<br>Passe au 167\u00e8me r\u00e9giment d\u2019infanterie le 12 janvier 1917.<\/p>\n\n\n\n<p class=\"has-text-align-center\"><strong>Moroni Pierre<\/strong><br>N\u00e9 le 02 f\u00e9vrier 1875, fils de Fran\u00e7ois et de Agostini Julie Marie.<br>Class\u00e9 dans le service arm\u00e9 \u00e0 compter du 01er octobre 1914.<br>115\u00e8me r\u00e9giment d\u2019infanterie \u00e0 compter du 03 d\u00e9cembre 1914.<br>141\u00e8me r\u00e9giment d\u2019infanterie \u00e0 compter du 07 avril 1915.<br>269\u00e8me R\u00e9giment d\u2019infanterie le 01er d\u00e9cembre 1915.<br>Evacu\u00e9 pour blessure le 04 avril 1916, plaie superficielle du genou droit par \u00e9clat d\u2019obus.<br>Sorti de l\u2019h\u00f4pital de Bastia par \u00e9vasion le 10 juin 1916.<br>Devant s\u2019embarquer \u00e0 l\u2019Ile Rousse le 12 juin 1916, d\u00e9clar\u00e9 d\u00e9serteur le 18 juin 1916.<br>S\u2019est constitu\u00e9 prisonnier \u00e0 la place de Bastia le 25 octobre 1916. Ramen\u00e9 au corps par la gendarmerie le 04 novembre 1916<br>Passe au 79\u00e8me r\u00e9giment d\u2019infanterie le 12 janvier 1917.<\/p>\n\n\n\n<p class=\"has-text-align-center\"><strong>Olmeta Alexandre Thomas<\/strong><br>N\u00e9 le 08 janvier 1884, fils de Antoine Louis et de Grossi Marie Catherine.<br>Incorpor\u00e9 au 7\u00e8me r\u00e9giment du g\u00e9nie \u00e0 compter du 9 ao\u00fbt 1905.<br>Passe dans la r\u00e9serve le 01er octobre 1907.<br>Rappel\u00e9 \u00e0 l\u2019activit\u00e9 par d\u00e9cret de mobilisation g\u00e9n\u00e9rale du 01er ao\u00fbt 1914.<\/p>\n\n\n\n<p class=\"has-text-align-center\"><strong>Olmeta Jean<\/strong><br>N\u00e9 le 23 avril 1897, fils de Nonce et Palazzi Annonciade.<br>22\u00e8me r\u00e9giment d\u2019infanterie coloniale.<\/p>\n\n\n\n<p class=\"has-text-align-center\"><strong>Olmeta Philippe Antoine<\/strong><br>N\u00e9 le 09 avril 1874, fils de Antoine Martin et de Olmeta Marie.<br>58\u00e8me r\u00e9giment d\u2019infanterie du 15 septembre 1896 au 21 septembre 1898.<br>Rappel\u00e9 \u00e0 l\u2019activit\u00e9 par d\u00e9cret de mobilisation g\u00e9n\u00e9rale du 01er ao\u00fbt 1914.<br>116\u00e8me r\u00e9giment territorial d\u2019infanterie.<\/p>\n\n\n\n<p class=\"has-text-align-center\"><strong>Olmeta&nbsp; Paul Joseph<\/strong><br>N\u00e9 le 20 octobre 1880, fils de Dominique et de Julie Fraticelli.<br>Incorpor\u00e9 au 55\u00e8me r\u00e9giment d\u2019infanterie \u00e0 compter du 18 novembre 1901.<br>R\u00e9giment d\u2019infanterie de la Corse le 02 avril 1915.<br>55\u00e8me r\u00e9giment d\u2019infanterie \u00e0 compter du 08 janvier 1917.<br>Perte de la 2\u00e8me phalange du pouce droit.<\/p>\n\n\n\n<p class=\"has-text-align-center\"><strong>Olmeta&nbsp; Paul Joseph<\/strong><br>N\u00e9 le 27 novembre 1893, fils de Nonce et de Palazzi Annonciade.<br>Incorpor\u00e9 \u00e0 compter du 28 novembre 1913 au 173\u00e8me r\u00e9giment d\u2019infanterie.<br>Fait prisonnier le 20 ao\u00fbt 1914 \u00e0 Dieuze.<br>Rapatri\u00e9 le 13 d\u00e9cembre 1918.<\/p>\n\n\n\n<p class=\"has-text-align-center\"><strong>Olmeta Thomas<\/strong><br>N\u00e9 le 06 ao\u00fbt 1885, fils de Antoine Louis et de Grossi Marie Catherine.<br>Incorpor\u00e9 le 08 octobre 1907 au 38\u00e8me r\u00e9giment d\u2019artillerie, mis en disponibilit\u00e9 le 25 septembre 1909.<br>Rappel\u00e9 \u00e0 l\u2019activit\u00e9 par d\u00e9cret de mobilisation g\u00e9n\u00e9rale du 01er ao\u00fbt 1914.<br>Passe au 115\u00e8me r\u00e9giment d\u2019artillerie lourde le 05 septembre 1917.<\/p>\n\n\n\n<p class=\"has-text-align-center\"><strong>Palazzi J\u00e9rome <\/strong>N\u00e9 le 21 mars 1899, fils de Toussaint et de Marie Dominique Olmeta.                                                                                                                                      Incorpor\u00e9 \u00e0 compter du 02 mai 1918 au 112\u00e8me d&rsquo;Infanterie.&nbsp;&nbsp;&nbsp;&nbsp;&nbsp;&nbsp;&nbsp;&nbsp;&nbsp;&nbsp;&nbsp;&nbsp;&nbsp;&nbsp;&nbsp;&nbsp;&nbsp;&nbsp;&nbsp;&nbsp;&nbsp;&nbsp;&nbsp;&nbsp;&nbsp;&nbsp;&nbsp;&nbsp;&nbsp;&nbsp;&nbsp;&nbsp;&nbsp;&nbsp;&nbsp;&nbsp;&nbsp;&nbsp;&nbsp;&nbsp;&nbsp;&nbsp;&nbsp;&nbsp;&nbsp;&nbsp;&nbsp;&nbsp;&nbsp;&nbsp;&nbsp;&nbsp;&nbsp;&nbsp;&nbsp;&nbsp;&nbsp;&nbsp;&nbsp;&nbsp;&nbsp;&nbsp;&nbsp;&nbsp;&nbsp;&nbsp;&nbsp;&nbsp;&nbsp;&nbsp;&nbsp;&nbsp;&nbsp;&nbsp;&nbsp;&nbsp;&nbsp;&nbsp;&nbsp;&nbsp;&nbsp;&nbsp;&nbsp;&nbsp;&nbsp;&nbsp;&nbsp;&nbsp;&nbsp;&nbsp;&nbsp;&nbsp;&nbsp;&nbsp;&nbsp;&nbsp;&nbsp;&nbsp;&nbsp;&nbsp;&nbsp;&nbsp;&nbsp;&nbsp;&nbsp;&nbsp;&nbsp;&nbsp;&nbsp;&nbsp;&nbsp;&nbsp;&nbsp;&nbsp;&nbsp;&nbsp;&nbsp;&nbsp;&nbsp;&nbsp;&nbsp;&nbsp;&nbsp;&nbsp;&nbsp;&nbsp;&nbsp;&nbsp;&nbsp;&nbsp;&nbsp;&nbsp;&nbsp;&nbsp;&nbsp;&nbsp;&nbsp;&nbsp;&nbsp;&nbsp;&nbsp;&nbsp;&nbsp;&nbsp;&nbsp;&nbsp;&nbsp;&nbsp; <\/p>\n\n\n\n<p class=\"has-text-align-center\"><strong>Palazzi J\u00e9rome<\/strong><br>N\u00e9 le 21 ao\u00fbt 1892, fils de Joseph et de Rocchi Marie Fran\u00e7oise.<br>Incorpor\u00e9 \u00e0 compter du 02 Octobre 1913 au 5\u00e8me r\u00e9giment de chasseurs.<br>Passe au 17\u00e8me escadron du train le 01er novembre 1913.<br>Passe au 5\u00e8me escadron du train le 15 mars 1915.<br>Passe au 2\u00e8me d\u2019artillerie de montagne \u00e0 compter du 12 juin 1917.<br>M\u00e9daill\u00e9 militaire par d\u00e9cret pr\u00e9sidentiel du 06 juillet 1929.<br>M\u00e9daille interalli\u00e9s de la victoire.<br>M\u00e9daille comm\u00e9morative de la grande guerre, croix du combattant, m\u00e9daille avec agraphe \u00ab&nbsp;Orient&nbsp;\u00bb .<br>M\u00e9daille Italienne comm\u00e9morative de la guerre 1915-1918.<\/p>\n\n\n\n<div class=\"wp-block-media-text is-stacked-on-mobile\" style=\"grid-template-columns:15% auto\"><figure class=\"wp-block-media-text__media\"><a href=\"https:\/\/www.nativu.org\/wp-content\/uploads\/2024\/08\/palazzi-laurent.jpg\"><img loading=\"lazy\" decoding=\"async\" width=\"309\" height=\"313\" src=\"https:\/\/www.nativu.org\/wp-content\/uploads\/2024\/08\/palazzi-laurent.jpg\" alt=\"\" class=\"wp-image-371 size-full\" srcset=\"https:\/\/www.nativu.org\/wp-content\/uploads\/2024\/08\/palazzi-laurent.jpg 309w, https:\/\/www.nativu.org\/wp-content\/uploads\/2024\/08\/palazzi-laurent-296x300.jpg 296w\" sizes=\"auto, (max-width: 309px) 100vw, 309px\" \/><\/a><\/figure><div class=\"wp-block-media-text__content\">\n<p class=\"has-text-align-center\"><strong>Palazzi Joseph Laurent<\/strong><br><a href=\"http:\/\/www.nativu.org\/wp-content\/uploads\/2018\/11\/palazzi-laurent.jpg\"><\/a>N\u00e9 le 17 d\u00e9cembre 1890, fils de Jacques Laurent et de Gilormini Appollonie Gentille.<br>Exempt\u00e9 en 1911 pour Bronchite sp\u00e9cifique.<br>Affect\u00e9 au r\u00e9giment d\u2019infanterie de la Corse.<br>D\u00e9c\u00e9d\u00e9 le 27 f\u00e9vrier 1915 \u00e0 l\u2019h\u00f4pital de Verdun (blessures de guerre). 2\u00e8me classe au 173\u00e8me R\u00e9giment d\u2019Infanterie.<\/p>\n<\/div><\/div>\n\n\n\n<div class=\"wp-block-media-text has-media-on-the-right is-stacked-on-mobile\" style=\"grid-template-columns:auto 15%\"><div class=\"wp-block-media-text__content\">\n<p class=\"has-text-align-center\"><strong>Palazzi Joseph Marie<\/strong><br><a href=\"http:\/\/www.nativu.org\/wp-content\/uploads\/2018\/11\/palazzi-joseph-m.jpg\"><\/a>N\u00e9 le 15 mars 1877, fils de Dominique et Grossi Marie Dominique.<br>Incorpor\u00e9 au 111\u00e8me r\u00e9giment d\u2019infanterie \u00e0 compter du 15 novembre 1898.<br>Envoy\u00e9 en cong\u00e9 le 21 septembre 1901.<br>Rappel\u00e9 \u00e0 l\u2019activit\u00e9 par d\u00e9cret de mobilisation g\u00e9n\u00e9rale en date du 02 ao\u00fbt 1914.<br>Passe au 3\u00e8me r\u00e9giment d\u2019infanterie le 08 octobre 1914.<br>173\u00e8me R\u00e9giment d\u2019infanterie.<\/p>\n<\/div><figure class=\"wp-block-media-text__media\"><a href=\"https:\/\/www.nativu.org\/wp-content\/uploads\/2024\/08\/palazzi-joseph-m.jpg\"><img loading=\"lazy\" decoding=\"async\" width=\"321\" height=\"321\" src=\"https:\/\/www.nativu.org\/wp-content\/uploads\/2024\/08\/palazzi-joseph-m.jpg\" alt=\"\" class=\"wp-image-370 size-full\" srcset=\"https:\/\/www.nativu.org\/wp-content\/uploads\/2024\/08\/palazzi-joseph-m.jpg 321w, https:\/\/www.nativu.org\/wp-content\/uploads\/2024\/08\/palazzi-joseph-m-300x300.jpg 300w, https:\/\/www.nativu.org\/wp-content\/uploads\/2024\/08\/palazzi-joseph-m-150x150.jpg 150w\" sizes=\"auto, (max-width: 321px) 100vw, 321px\" \/><\/a><\/figure><\/div>\n\n\n\n<div class=\"wp-block-media-text is-stacked-on-mobile\" style=\"grid-template-columns:15% auto\"><figure class=\"wp-block-media-text__media\"><a href=\"https:\/\/www.nativu.org\/wp-content\/uploads\/2024\/08\/pierantoni-augustin.jpg\"><img loading=\"lazy\" decoding=\"async\" width=\"309\" height=\"301\" src=\"https:\/\/www.nativu.org\/wp-content\/uploads\/2024\/08\/pierantoni-augustin.jpg\" alt=\"\" class=\"wp-image-374 size-full\" srcset=\"https:\/\/www.nativu.org\/wp-content\/uploads\/2024\/08\/pierantoni-augustin.jpg 309w, https:\/\/www.nativu.org\/wp-content\/uploads\/2024\/08\/pierantoni-augustin-300x292.jpg 300w\" sizes=\"auto, (max-width: 309px) 100vw, 309px\" \/><\/a><\/figure><div class=\"wp-block-media-text__content\">\n<p class=\"has-text-align-center\"><strong>Pierantoni Augustin<\/strong><br><a href=\"http:\/\/www.nativu.org\/wp-content\/uploads\/2018\/11\/pierantoni-augustin.jpg\"><\/a>N\u00e9 le 17 ao\u00fbt 1895, fils de Pascal et de Agostini Marie Dominique.<br>Incorpor\u00e9 au 6\u00e8me bataillon de chasseurs \u00e0 pied \u00e0 compter du 23 d\u00e9cembre 1914.<br>Bless\u00e9 le 15 juin 1915, plaie p\u00e9n\u00e9trante du crane r\u00e9gion occipitale. Tr\u00e9panation, extraction de 5 esquilles et 2 \u00e9clats d\u2019obus, issues de mati\u00e8res c\u00e9r\u00e9brales.<br>D\u00e9c\u00e9d\u00e9 le 25 d\u00e9cembre 1915 \u00e0 Bourg des suites de blessures de guerre.<\/p>\n<\/div><\/div>\n\n\n\n<div class=\"wp-block-media-text has-media-on-the-right is-stacked-on-mobile\" style=\"grid-template-columns:auto 15%\"><div class=\"wp-block-media-text__content\">\n<p class=\"has-text-align-center\"><strong>Pierantoni Jean<\/strong><br><a href=\"http:\/\/www.nativu.org\/wp-content\/uploads\/2018\/11\/pierantoni-jean.jpg\"><\/a>N\u00e9 le 11 septembre 1883, fils de Pascal et de Agostini Marie Dominique.<br>Incorpor\u00e9 dans la 15\u00e8me section des commis et ouvriers militaires \u00e0 compter du 17 novembre 1904.<br>Caporal le 05 octobre 1905.<br>Bon meunier charg\u00e9 des m\u00e9langes de farine au m\u00e9langeur cribleur (1905).<br>1907 a re\u00e7u l\u2019instruction sp\u00e9ciale sur le mat\u00e9riel de campagne du service des subsistances militaires.<br>Lib\u00e9r\u00e9 du service actif le 12 juillet 1907.<br>Rappel\u00e9 \u00e0 l\u2019activit\u00e9 par d\u00e9cret de mobilisation g\u00e9n\u00e9rale en date du 02 ao\u00fbt 1914.<br>Pass\u00e9 au 9\u00e8me bataillon 29\u00e8me r\u00e9giment d\u2019infanterie le 18 juin 1916.<br>Pass\u00e9 au 85\u00e8me r\u00e9giment d\u2019infanterie le 14 septembre 1916.<br>Bless\u00e9 le 17 avril 1917 au Mont Cornillet par \u00e9clat d\u2019obus \u00e0 l\u2019\u00e9paule droite, au flanc droit et \u00e0 la jambe droite.<br>Citation du 09 mai 1917&nbsp;: \u00ab\u00a0Excellent grad\u00e9, brave et d\u00e9vou\u00e9, bless\u00e9 en progressant dans les lignes ennemies le 17 avril 1917\u00a0\u00bb.<br>Pass\u00e9 au 2\u00e8me r\u00e9giment de tirailleurs indig\u00e8nes le 08 mars 1918.<br>Caporal le 27 mai 1918.<br>Pass\u00e9 \u00e0 la 16\u00e8me section des commis et ouvriers militaires le 31 janvier 1919.<br>D\u00e9mobilis\u00e9 le 08 mars 1919.<\/p>\n<\/div><figure class=\"wp-block-media-text__media\"><a href=\"https:\/\/www.nativu.org\/wp-content\/uploads\/2024\/08\/pierantoni-jean.jpg\"><img loading=\"lazy\" decoding=\"async\" width=\"313\" height=\"313\" src=\"https:\/\/www.nativu.org\/wp-content\/uploads\/2024\/08\/pierantoni-jean.jpg\" alt=\"\" class=\"wp-image-375 size-full\" srcset=\"https:\/\/www.nativu.org\/wp-content\/uploads\/2024\/08\/pierantoni-jean.jpg 313w, https:\/\/www.nativu.org\/wp-content\/uploads\/2024\/08\/pierantoni-jean-300x300.jpg 300w, https:\/\/www.nativu.org\/wp-content\/uploads\/2024\/08\/pierantoni-jean-150x150.jpg 150w\" sizes=\"auto, (max-width: 313px) 100vw, 313px\" \/><\/a><\/figure><\/div>\n\n\n\n<div class=\"wp-block-media-text is-stacked-on-mobile\" style=\"grid-template-columns:15% auto\"><figure class=\"wp-block-media-text__media\"><a href=\"https:\/\/www.nativu.org\/wp-content\/uploads\/2024\/08\/pinelli-antoine-a-verifier.jpg\"><img loading=\"lazy\" decoding=\"async\" width=\"313\" height=\"321\" src=\"https:\/\/www.nativu.org\/wp-content\/uploads\/2024\/08\/pinelli-antoine-a-verifier.jpg\" alt=\"\" class=\"wp-image-376 size-full\" srcset=\"https:\/\/www.nativu.org\/wp-content\/uploads\/2024\/08\/pinelli-antoine-a-verifier.jpg 313w, https:\/\/www.nativu.org\/wp-content\/uploads\/2024\/08\/pinelli-antoine-a-verifier-293x300.jpg 293w\" sizes=\"auto, (max-width: 313px) 100vw, 313px\" \/><\/a><\/figure><div class=\"wp-block-media-text__content\">\n<p class=\"has-text-align-center\"><strong>Pinelli Joseph Antoine<\/strong><br><a href=\"http:\/\/www.nativu.org\/wp-content\/uploads\/2018\/11\/pinelli-antoine-a-verifier.jpg\"><\/a>N\u00e9 le 22 mai 1893 \u00e0 Santo Pietro di Tenda.<br>Incorpor\u00e9 au 6\u00e8me r\u00e9giment de hussards le 17 novembre 1914.<br>Passe au 9\u00e8me chasseurs le 10 f\u00e9vrier 1915.<br>Passe au 11\u00e8me r\u00e9giment cuirassiers le 15 juin 1917.<\/p>\n<\/div><\/div>\n\n\n\n<div class=\"wp-block-media-text has-media-on-the-right is-stacked-on-mobile\" style=\"grid-template-columns:auto 15%\"><div class=\"wp-block-media-text__content\">\n<p class=\"has-text-align-center\"><strong>Poggi Dominique<\/strong><br><a href=\"http:\/\/www.nativu.org\/wp-content\/uploads\/2018\/11\/poggi-dominique.jpg\"><\/a>N\u00e9 le 07 septembre 1893, fils de Ange F\u00e9lix et de Calbani Marie.<br>Incorpor\u00e9 au 55\u00e8me r\u00e9giment d\u2019infanterie \u00e0 compter du 15 septembre 1914.<br>Passe au 24\u00e8me r\u00e9giment d\u2019infanterie le 10 juin 1915.<br>Bless\u00e9 le 20 juin 1915, main gauche par balle.<br>Passe au 119\u00e8me d\u2019infanterie le 28 juin 1915.<br>Passe au 23\u00e8me bataillon de chasseurs le 15 f\u00e9vrier 1916.<br>Parti en renfort au d\u00e9tachement du 115\u00e8me bataillon des chasseurs le 18 avril 1916.<br>Bless\u00e9 le 03 octobre 1916 au combat de Rancourt, \u00e9clat main gauche.<br>Passe au 35\u00e8me r\u00e9giment d\u2019infanterie le 06 octobre 1916.<br>Chasseur de 1\u00e8re classe le 28 mars 1917.<br>Citation \u00e0 l\u2019ordre du bataillon&nbsp;le 28 mars 1917 : \u00abBless\u00e9 \u00e0 deux reprises en faisant son devoir&nbsp;\u00bb.<br>Croix de guerre \u00e9toile bronze.<br>Passe au 371\u00e8me d\u2019infanterie le 04 mai 1917.<br>Passe au 141\u00e8me d\u2019infanterie le 16 mai 1918.<br>Passe au 288\u00e8me r\u00e9giment d\u2019infanterie le 31 mai 1918.<br>Intoxiqu\u00e9 par yp\u00e9rite (gaz moutarde) le 19 juin 1918.<br>Passe au 369\u00e8me r\u00e9giment d\u2019infanterie le 25 novembre 1918.<\/p>\n<\/div><figure class=\"wp-block-media-text__media\"><a href=\"https:\/\/www.nativu.org\/wp-content\/uploads\/2024\/08\/poggi-dominique.jpg\"><img loading=\"lazy\" decoding=\"async\" width=\"309\" height=\"321\" src=\"https:\/\/www.nativu.org\/wp-content\/uploads\/2024\/08\/poggi-dominique.jpg\" alt=\"\" class=\"wp-image-377 size-full\" srcset=\"https:\/\/www.nativu.org\/wp-content\/uploads\/2024\/08\/poggi-dominique.jpg 309w, https:\/\/www.nativu.org\/wp-content\/uploads\/2024\/08\/poggi-dominique-289x300.jpg 289w\" sizes=\"auto, (max-width: 309px) 100vw, 309px\" \/><\/a><\/figure><\/div>\n\n\n\n<p class=\"has-text-align-center\"><strong>Poggi Pierre<\/strong><br>N\u00e9 le 23 janvier 1897, fils d&rsquo;Ange Felix et de Calbani Marie.<br>Engag\u00e9 volontaire pour cinq ans le 02 avril 1915, 102\u00e8me r\u00e9giment d&rsquo;infanterie.<br>Passe au 150\u00e8me r\u00e9giment d&rsquo;infanterie le 02 d\u00e9cembre 1915.<br>Grenadier d&rsquo;\u00e9lite le 03 avril 1916.<br>Passe au 102\u00e8me r\u00e9giment d&rsquo;infanterie le 14 juillet 1916, nomm\u00e9 caporal le 17 ao\u00fbt 1916.<br>Bless\u00e9 le 20 septembre 1916&nbsp;: \u00ab&nbsp;plaie de part en part genou droit par balle.&nbsp;\u00bb<br>Passe au 164\u00e8me r\u00e9giment d&rsquo;infanterie le 27 juin 1917.<br>Parti en permission de d\u00e9tente pour la Corse le 22 f\u00e9vrier 1918. Devait rentrer le 30 mars 1918, rentr\u00e9 volontairement au corps le 06 avril 1918.<br>Condamnation du conseil de guerre a trois de prison et cass\u00e9 de son grade pour abandon de poste en pr\u00e9sence de l&rsquo;ennemi, d\u00e9sertion en pr\u00e9sence de l&rsquo;ennemi, falsification de feuille de route. Peine suspendue le 02 juillet 1918 et int\u00e8gre le 365\u00e8me r\u00e9giment d&rsquo;infanterie.<br>Absence ill\u00e9gale le 10 juillet 1918, d\u00e9serteur le 15 juillet 1918, arr\u00eat\u00e9 le 20 juillet, condamn\u00e9 le 13 septembre 1918 \u00e0 six ans de travaux publics. Amnisti\u00e9 le 29 avril 1921.<\/p>\n\n\n\n<div class=\"wp-block-media-text is-stacked-on-mobile\" style=\"grid-template-columns:15% auto\"><figure class=\"wp-block-media-text__media\"><a href=\"https:\/\/www.nativu.org\/wp-content\/uploads\/2024\/08\/poggioli-joseph-m.jpg\"><img loading=\"lazy\" decoding=\"async\" width=\"305\" height=\"305\" src=\"https:\/\/www.nativu.org\/wp-content\/uploads\/2024\/08\/poggioli-joseph-m.jpg\" alt=\"\" class=\"wp-image-378 size-full\" srcset=\"https:\/\/www.nativu.org\/wp-content\/uploads\/2024\/08\/poggioli-joseph-m.jpg 305w, https:\/\/www.nativu.org\/wp-content\/uploads\/2024\/08\/poggioli-joseph-m-300x300.jpg 300w, https:\/\/www.nativu.org\/wp-content\/uploads\/2024\/08\/poggioli-joseph-m-150x150.jpg 150w\" sizes=\"auto, (max-width: 305px) 100vw, 305px\" \/><\/a><\/figure><div class=\"wp-block-media-text__content\">\n<p class=\"has-text-align-center\"><strong>Poggioli Joseph Marie<\/strong><br><a href=\"http:\/\/www.nativu.org\/wp-content\/uploads\/2018\/11\/poggioli-joseph-m.jpg\"><\/a>N\u00e9 le 01er janvier 1895 \u00e0 Santo Pietro Di Tenda.<br>Incorpor\u00e9 au 173\u00e8me r\u00e9giment d\u2019infanterie \u00e0 compter du 08 septembre 1915.<br>Passe au 73\u00e8me r\u00e9giment d\u2019infanterie le 10 ao\u00fbt 1916.<br>R\u00e9form\u00e9 temporaire par la commission de r\u00e9forme le 12 septembre 1917 pour tuberculose pulmonaire.<\/p>\n<\/div><\/div>\n\n\n\n<div class=\"wp-block-media-text has-media-on-the-right is-stacked-on-mobile\" style=\"grid-template-columns:auto 15%\"><div class=\"wp-block-media-text__content\">\n<p class=\"has-text-align-center\"><strong>Santini Antoine Castellano<\/strong><br><a href=\"http:\/\/www.nativu.org\/wp-content\/uploads\/2018\/11\/santini-antoine.jpg\"><\/a>N\u00e9 le 27 f\u00e9vrier 1895, fils de Toussaint Mathieu et de Olmeta Marie Jos\u00e9phine.<br>Incorpor\u00e9 au 163\u00e8me r\u00e9giment d\u2019infanterie \u00e0 compter du 23 d\u00e9cembre 1914.<br>62\u00e8me r\u00e9giment d\u2019artillerie de campagne.<br>63\u00e8me r\u00e9giment d\u2019artillerie de campagne.<br>66\u00e8me r\u00e9giment d\u2019artillerie de campagne.<br>Bless\u00e9 le 10 mai 1915 \u00e0 Flirey&nbsp;: plaie p\u00e9n\u00e9trante cuisse gauche par \u00e9clats d\u2019obus. Plaie bras droit par \u00e9clats de grenade.<\/p>\n<\/div><figure class=\"wp-block-media-text__media\"><a href=\"https:\/\/www.nativu.org\/wp-content\/uploads\/2024\/08\/santini-antoine.jpg\"><img loading=\"lazy\" decoding=\"async\" width=\"297\" height=\"309\" src=\"https:\/\/www.nativu.org\/wp-content\/uploads\/2024\/08\/santini-antoine.jpg\" alt=\"\" class=\"wp-image-379 size-full\" srcset=\"https:\/\/www.nativu.org\/wp-content\/uploads\/2024\/08\/santini-antoine.jpg 297w, https:\/\/www.nativu.org\/wp-content\/uploads\/2024\/08\/santini-antoine-288x300.jpg 288w\" sizes=\"auto, (max-width: 297px) 100vw, 297px\" \/><\/a><\/figure><\/div>\n\n\n\n<p class=\"has-text-align-center\"><strong>Straforelli Ignace F\u00e9lix<\/strong><br>N\u00e9 le 09 novembre 1871, fils de Th\u00e9r\u00e8se Straforelli.<br>Incorpor\u00e9 au 163\u00e8me de ligne \u00e0 compter du 16 novembre 1892.<br>Envoy\u00e9 en cong\u00e9 le 24 septembre 1895.<br>Rappel\u00e9 \u00e0 l\u2019activit\u00e9 par d\u00e9cret de mobilisation g\u00e9n\u00e9rale du 01er ao\u00fbt 1914.<br>Lib\u00e9r\u00e9 \u00e0 titre provisoire le 14 mars 1915.<\/p>\n\n\n\n<div class=\"wp-block-media-text is-stacked-on-mobile is-vertically-aligned-center\" style=\"grid-template-columns:15% auto\"><figure class=\"wp-block-media-text__media\"><a href=\"https:\/\/www.nativu.org\/wp-content\/uploads\/2024\/08\/tosi-joseph.jpg\"><img loading=\"lazy\" decoding=\"async\" width=\"313\" height=\"301\" src=\"https:\/\/www.nativu.org\/wp-content\/uploads\/2024\/08\/tosi-joseph.jpg\" alt=\"\" class=\"wp-image-380 size-full\" srcset=\"https:\/\/www.nativu.org\/wp-content\/uploads\/2024\/08\/tosi-joseph.jpg 313w, https:\/\/www.nativu.org\/wp-content\/uploads\/2024\/08\/tosi-joseph-300x288.jpg 300w\" sizes=\"auto, (max-width: 313px) 100vw, 313px\" \/><\/a><\/figure><div class=\"wp-block-media-text__content\">\n<p class=\"has-text-align-center\"><strong>Tosi Joseph<\/strong><br><a href=\"http:\/\/www.nativu.org\/wp-content\/uploads\/2018\/11\/tosi-joseph.jpg\"><\/a>N\u00e9 le 26 f\u00e9vrier 1892 \u00e0 Oletta.<br>Incorpor\u00e9 \u00e0 compter d&rsquo;octobre 1913.<br>173\u00e8me r\u00e9giment d\u2019infanterie, parti au front le 07 ao\u00fbt 1914.<br>Tomb\u00e9 aux mains de l\u2019ennemi le 20 septembre 1914 \u00e0 Malancourt.<br>Rapatri\u00e9 le 25 d\u00e9cembre 1918.<\/p>\n<\/div><\/div>\n\n\n\n<p><\/p>\n","protected":false},"excerpt":{"rendered":"<p>Andreani&nbsp; AugusteN\u00e9 le 01er ao\u00fbt 1888, fils de Pierre Paul et de Girolami Marie Catherine.Engag\u00e9 volontaire le 21 octobre 1907 [&hellip;]<\/p>\n","protected":false},"author":1,"featured_media":286,"comment_status":"open","ping_status":"open","sticky":false,"template":"","format":"standard","meta":{"site-sidebar-layout":"default","site-content-layout":"","ast-site-content-layout":"default","site-content-style":"default","site-sidebar-style":"default","ast-global-header-display":"","ast-banner-title-visibility":"","ast-main-header-display":"","ast-hfb-above-header-display":"","ast-hfb-below-header-display":"","ast-hfb-mobile-header-display":"","site-post-title":"","ast-breadcrumbs-content":"","ast-featured-img":"","footer-sml-layout":"","ast-disable-related-posts":"","theme-transparent-header-meta":"","adv-header-id-meta":"","stick-header-meta":"","header-above-stick-meta":"","header-main-stick-meta":"","header-below-stick-meta":"","astra-migrate-meta-layouts":"default","ast-page-background-enabled":"default","ast-page-background-meta":{"desktop":{"background-color":"var(--ast-global-color-4)","background-image":"","background-repeat":"repeat","background-position":"center center","background-size":"auto","background-attachment":"scroll","background-type":"","background-media":"","overlay-type":"","overlay-color":"","overlay-opacity":"","overlay-gradient":""},"tablet":{"background-color":"","background-image":"","background-repeat":"repeat","background-position":"center center","background-size":"auto","background-attachment":"scroll","background-type":"","background-media":"","overlay-type":"","overlay-color":"","overlay-opacity":"","overlay-gradient":""},"mobile":{"background-color":"","background-image":"","background-repeat":"repeat","background-position":"center center","background-size":"auto","background-attachment":"scroll","background-type":"","background-media":"","overlay-type":"","overlay-color":"","overlay-opacity":"","overlay-gradient":""}},"ast-content-background-meta":{"desktop":{"background-color":"var(--ast-global-color-5)","background-image":"","background-repeat":"repeat","background-position":"center center","background-size":"auto","background-attachment":"scroll","background-type":"","background-media":"","overlay-type":"","overlay-color":"","overlay-opacity":"","overlay-gradient":""},"tablet":{"background-color":"var(--ast-global-color-5)","background-image":"","background-repeat":"repeat","background-position":"center center","background-size":"auto","background-attachment":"scroll","background-type":"","background-media":"","overlay-type":"","overlay-color":"","overlay-opacity":"","overlay-gradient":""},"mobile":{"background-color":"var(--ast-global-color-5)","background-image":"","background-repeat":"repeat","background-position":"center center","background-size":"auto","background-attachment":"scroll","background-type":"","background-media":"","overlay-type":"","overlay-color":"","overlay-opacity":"","overlay-gradient":""}},"footnotes":""},"categories":[10],"tags":[77,78],"class_list":["post-1249","post","type-post","status-publish","format-standard","has-post-thumbnail","hentry","category-histoire","tag-1ere-guerre-mondiale","tag-combattants"],"_links":{"self":[{"href":"https:\/\/www.nativu.org\/index.php?rest_route=\/wp\/v2\/posts\/1249","targetHints":{"allow":["GET"]}}],"collection":[{"href":"https:\/\/www.nativu.org\/index.php?rest_route=\/wp\/v2\/posts"}],"about":[{"href":"https:\/\/www.nativu.org\/index.php?rest_route=\/wp\/v2\/types\/post"}],"author":[{"embeddable":true,"href":"https:\/\/www.nativu.org\/index.php?rest_route=\/wp\/v2\/users\/1"}],"replies":[{"embeddable":true,"href":"https:\/\/www.nativu.org\/index.php?rest_route=%2Fwp%2Fv2%2Fcomments&post=1249"}],"version-history":[{"count":5,"href":"https:\/\/www.nativu.org\/index.php?rest_route=\/wp\/v2\/posts\/1249\/revisions"}],"predecessor-version":[{"id":1728,"href":"https:\/\/www.nativu.org\/index.php?rest_route=\/wp\/v2\/posts\/1249\/revisions\/1728"}],"wp:featuredmedia":[{"embeddable":true,"href":"https:\/\/www.nativu.org\/index.php?rest_route=\/wp\/v2\/media\/286"}],"wp:attachment":[{"href":"https:\/\/www.nativu.org\/index.php?rest_route=%2Fwp%2Fv2%2Fmedia&parent=1249"}],"wp:term":[{"taxonomy":"category","embeddable":true,"href":"https:\/\/www.nativu.org\/index.php?rest_route=%2Fwp%2Fv2%2Fcategories&post=1249"},{"taxonomy":"post_tag","embeddable":true,"href":"https:\/\/www.nativu.org\/index.php?rest_route=%2Fwp%2Fv2%2Ftags&post=1249"}],"curies":[{"name":"wp","href":"https:\/\/api.w.org\/{rel}","templated":true}]}}