{"id":1226,"date":"2013-10-03T19:22:00","date_gmt":"2013-10-03T19:22:00","guid":{"rendered":"https:\/\/www.nativu.org\/?p=1226"},"modified":"2024-11-17T18:15:15","modified_gmt":"2024-11-17T18:15:15","slug":"la-bataille-de-teghime","status":"publish","type":"post","link":"https:\/\/www.nativu.org\/?p=1226","title":{"rendered":"La bataille de Teghime"},"content":{"rendered":"\n<p>Le 2\u00e8me Groupement de Tabors Marocains (2\u00e8me GTM) re\u00e7oit comme objectif de \u00ab\u00a0d\u00e9border au plus pr\u00e8s par le nord le col de Teghime et faciliter sa conqu\u00eate en mettant la main sur Serra di Pigno. Pousser par le col de San leonardo sur les pentes est des monts Murzajo et Muzzone, p\u00e9n\u00e9trer ensuite dans Bastia\u00a0\u00bb.<\/p>\n\n\n\n<p>Le 28 septembre 1943 \u00e0 19h, le 2\u00e8me GTM se met en route. En pleine nuit sous une pluie battante les goumiers sont d\u00e9pos\u00e9s \u00e0 Casta. Ils rejoignent St-Florent non sans mal. Le pont de l&rsquo;Aliso ayant \u00e9t\u00e9 d\u00e9truit il faut traverser un \u00e0 un sur une planche en bois.<\/p>\n\n\n\n<div class=\"wp-block-media-text is-stacked-on-mobile\"><figure class=\"wp-block-media-text__media\"><a href=\"https:\/\/www.nativu.org\/wp-content\/uploads\/2024\/08\/terre-99-l1890.jpg\"><img loading=\"lazy\" decoding=\"async\" width=\"1024\" height=\"688\" src=\"https:\/\/www.nativu.org\/wp-content\/uploads\/2024\/08\/terre-99-l1890-1024x688.jpg\" alt=\"\" class=\"wp-image-246 size-full\" srcset=\"https:\/\/www.nativu.org\/wp-content\/uploads\/2024\/08\/terre-99-l1890-1024x688.jpg 1024w, https:\/\/www.nativu.org\/wp-content\/uploads\/2024\/08\/terre-99-l1890-300x202.jpg 300w, https:\/\/www.nativu.org\/wp-content\/uploads\/2024\/08\/terre-99-l1890-768x516.jpg 768w, https:\/\/www.nativu.org\/wp-content\/uploads\/2024\/08\/terre-99-l1890.jpg 1042w\" sizes=\"auto, (max-width: 1024px) 100vw, 1024px\" \/><\/a><\/figure><div class=\"wp-block-media-text__content\">\n<p>Au pont de la Strutta (\u00e9galement d\u00e9truit) le groupement se scinde en deux. Une partie va prendre la direction de Patrimonio avec pour mission d&rsquo;attaquer Teghime par Monte Seccu, tandis que les 1er, 8\u00e8me et 15\u00e8me Tabors continuent vers Farinole, passant par la plage qui est min\u00e9e.<\/p>\n\n\n\n<p>Patrimonio et Barbaggio sont toujours tenus par les Allemands. Le 29 Septembre les Italiens du 88\u00e8me RI se heurtent \u00e0 une r\u00e9sistance acharn\u00e9e des troupes du Troisi\u00e8me Reich au carrefour de Patrimonio. Il faut battre en retraite.<\/p>\n\n\n\n<p>Le 30, les troupes arriv\u00e9es \u00e0 Farinole la veille reprennent leur marche en direction du Col de San Leonardo. Le temps est mauvais, un \u00e9pais brouillard tombe en gouttelettes fines. Dans l&rsquo;apr\u00e8s-midi les unit\u00e9s sont en mouvement sur les cr\u00eates pour prendre leurs positions.<\/p>\n<\/div><\/div>\n\n\n\n<p><a href=\"http:\/\/www.nativu.org\/wp-content\/uploads\/2013\/10\/terre-99-l1890.jpg\"><\/a><\/p>\n\n\n\n<p class=\"has-small-font-size\"><em>Dans les Strette de Patrimonio<\/em><\/p>\n\n\n\n<p>Du c\u00f4t\u00e9 de Patrimonio, le 39\u00e8me Goum tente une reconnaissance. Les soldats sont accueillis par des coups de feu et des tirs d&rsquo;artillerie d&rsquo;une pr\u00e9cision remarquable, ils ne peuvent poursuivre leur mission. Cependant une unit\u00e9 italienne, appuy\u00e9e par l&rsquo;artillerie r\u00e9ussit \u00e0 atteindre le hameau Palazzo et \u00e0 y poser des mines sur lesquelles un char Marck allemand va sauter. Des Mitrailleuses sont dispos\u00e9es au hameau Stazzona et \u00e0 la Ficaja sur la terrasse de la maison Olmeta qui surplombe le Palazzo et la voie d&rsquo;acc\u00e8s vers le col de Teghime.<\/p>\n\n\n\n<p>Le 1er Octobre les goumiers appuy\u00e9s par un peloton de char du 4\u00e8me R.S.M. lib\u00e8rent Patrimonio. La population accueille ses lib\u00e9rateurs dans la liesse. On offre \u00e0 boire \u00e0 ces valeureux soldats venus chasser l&rsquo;occupant.<\/p>\n\n\n\n<div class=\"wp-block-media-text has-media-on-the-right is-stacked-on-mobile is-vertically-aligned-center\" style=\"grid-template-columns:auto 56%\"><div class=\"wp-block-media-text__content\">\n<p>Au col, le 60\u00e8me Goum a atteint la Serra di Pigno sans attirer l&rsquo;attention de l&rsquo;ennemi et pousse une reconnaissance sur la Cima Orcaia au petit matin. Le brouillard facilite l&rsquo;avanc\u00e9e des troupes au plus pr\u00e8s des allemands sans se faire rep\u00e9rer. Quand la brume se l\u00e8ve, l&rsquo;assaut est donn\u00e9. Les Allemands qui chargeaient des camions sont surpris. Un v\u00e9hicule est aussit\u00f4t d\u00e9truit par les mitrailleuses goums, mais les d\u00e9fenseurs de Teghime se ressaisissent et une pluie de mitrailles s&rsquo;abat sur les assaillants. Il faut battre en retraite en attendant les renforts. Les Goumiers se replient sur la Serra di Pigno. Les mortiers allemands en action canardent les positions du 1er Tabor. Les pertes sont lourdes, les bless\u00e9s et les morts sont \u00e9vacu\u00e9s \u00e0 17h par le long et difficile chemin de montagne jusqu&rsquo;\u00e0 St-Florent o\u00f9 les \u00e9vacuations se font par la mer (ils y arriveront le lendemain matin \u00e0 8h).<\/p>\n\n\n\n<p>Le 2 Octobre 1h. Le commandement du XV\u00e8me Tabor est au Palazzo avec les 39\u00e8me et 74\u00e8me Goums ainsi qu&rsquo;un peloton de chars l\u00e9gers. Le 39\u00e8me Goum doit se rendre \u00e0 Serra di Pigno et prendre liaison avec le 1er Tabor afin d&rsquo;attaquer le col du nord au sud. Le 74\u00e8me essaiera d&rsquo;atteindre Monte seccu au sud du col o\u00f9 il retrouvera le 47\u00e8me Goum qui ayant re\u00e7u les ordres dans la nuit et devant \u00eatre en position au petit jour a d\u00e9j\u00e0 commenc\u00e9 son mouvement.<\/p>\n<\/div><figure class=\"wp-block-media-text__media\"><a href=\"https:\/\/www.nativu.org\/wp-content\/uploads\/2024\/08\/terre-99-l1895.jpg\"><img loading=\"lazy\" decoding=\"async\" width=\"1024\" height=\"680\" src=\"https:\/\/www.nativu.org\/wp-content\/uploads\/2024\/08\/terre-99-l1895-1024x680.jpg\" alt=\"\" class=\"wp-image-247 size-full\" srcset=\"https:\/\/www.nativu.org\/wp-content\/uploads\/2024\/08\/terre-99-l1895-1024x680.jpg 1024w, https:\/\/www.nativu.org\/wp-content\/uploads\/2024\/08\/terre-99-l1895-300x199.jpg 300w, https:\/\/www.nativu.org\/wp-content\/uploads\/2024\/08\/terre-99-l1895-768x510.jpg 768w, https:\/\/www.nativu.org\/wp-content\/uploads\/2024\/08\/terre-99-l1895.jpg 1054w\" sizes=\"auto, (max-width: 1024px) 100vw, 1024px\" \/><\/a><\/figure><\/div>\n\n\n\n<p><a href=\"http:\/\/www.nativu.org\/wp-content\/uploads\/2013\/10\/terre-99-l1895.jpg\"><\/a><\/p>\n\n\n\n<p class=\"has-text-align-right has-small-font-size\"><em>Patrimonio, Octobre 1943<\/em><\/p>\n\n\n\n<p>A 2h les unit\u00e9s se mettent en marche. Au lever du jour le 39\u00e8me Goum qui a atteint les pentes sud ouest de Serra di Pigno, est arr\u00eat\u00e9 par des tirs de mitrailleuses allemandes. Le col est tenu par une troupe d&rsquo;\u00e9lite, le bataillon SS Dallinger.<\/p>\n\n\n\n<p>Au sud le 47\u00e8me Goum entre en action sous une pluie de balles, mais continue sa progression. Le Lieutenant Couffrand tombe sous les tirs ennemis \u00e0 quelques m\u00e8tres de la cr\u00eate. Pendant 20 minutes le Goum tient dans des conditions d\u00e9sastreuses. A sa sixi\u00e8me blessure, le Capitaine Commaret donne l&rsquo;ordre de repli. Le 74\u00e8me goum men\u00e9 par le Capitaine Ries et le Lieutenant Vernier, tombe a revers sur les allemands qui ach\u00e8vent de \u00ab\u00a0liquider\u00a0\u00bb les hommes de Commaret. Les combats vont durer plusieurs heures.<\/p>\n\n\n\n<p>Au nord, le 39\u00e8me appuy\u00e9 par le 1er Tabor refoule pied \u00e0 pied l&rsquo;adversaire, \u00e0 midi ils occupent la Cima Orcaia. De l\u00e0 les mortiers du 1er Tabor harc\u00e8lent toute la journ\u00e9e les d\u00e9fenseurs du col. Dans la soir\u00e9e les allemands abandonnent leurs positions.<\/p>\n\n\n\n<div class=\"wp-block-media-text is-stacked-on-mobile\"><figure class=\"wp-block-media-text__media\"><a href=\"https:\/\/www.nativu.org\/wp-content\/uploads\/2024\/08\/terre-101-l1968.jpg\"><img loading=\"lazy\" decoding=\"async\" width=\"1024\" height=\"683\" src=\"https:\/\/www.nativu.org\/wp-content\/uploads\/2024\/08\/terre-101-l1968-1024x683.jpg\" alt=\"\" class=\"wp-image-248 size-full\" srcset=\"https:\/\/www.nativu.org\/wp-content\/uploads\/2024\/08\/terre-101-l1968-1024x683.jpg 1024w, https:\/\/www.nativu.org\/wp-content\/uploads\/2024\/08\/terre-101-l1968-300x200.jpg 300w, https:\/\/www.nativu.org\/wp-content\/uploads\/2024\/08\/terre-101-l1968-768x512.jpg 768w, https:\/\/www.nativu.org\/wp-content\/uploads\/2024\/08\/terre-101-l1968.jpg 1049w\" sizes=\"auto, (max-width: 1024px) 100vw, 1024px\" \/><\/a><\/figure><div class=\"wp-block-media-text__content\">\n<p>Le 3 Octobre, toutes les cr\u00eates au dessus de Bastia sont occup\u00e9es par les Tabors. L&rsquo;artillerie des bateaux allemands ancr\u00e9s dans le port de Bastia harc\u00e8le les positions fran\u00e7aises. L&rsquo;aviation ennemie cause \u00e9galement des pertes. Dans la soir\u00e9e le calme revient, la route de Bastia est ouverte.<\/p>\n\n\n\n<p>Le 4 Octobre \u00e0 l&rsquo;aube, le Capitaine Then rentre dans Bastia.<\/p>\n\n\n\n<p>La Corse est libre, c&rsquo;est le premier d\u00e9partement lib\u00e9r\u00e9 par ses habitants et par des soldats fran\u00e7ais sans intervention des forces anglo-am\u00e9ricaines. Mais pour ses habitants cela ne signifie pas pour autant la paix, mais la reprise de la guerre aux c\u00f4t\u00e9s des alli\u00e9s. Ainsi, pendant l&rsquo;ann\u00e9e 1944, 12000 Corses de 20 \u00e0 28 ans seront mobilis\u00e9s pour contribuer \u00e0 la lib\u00e9ration de tout le territoire national.<\/p>\n<\/div><\/div>\n\n\n\n<p><a href=\"http:\/\/www.nativu.org\/wp-content\/uploads\/2013\/10\/terre-101-l1968.jpg\"><\/a><\/p>\n\n\n\n<p class=\"has-small-font-size\"><em>Au col de Teghime<\/em><\/p>\n\n\n\n<p><strong>Sources photos : ECPAD<\/strong><\/p>\n","protected":false},"excerpt":{"rendered":"<p>Le 2\u00e8me Groupement de Tabors Marocains (2\u00e8me GTM) re\u00e7oit comme objectif de \u00ab\u00a0d\u00e9border au plus pr\u00e8s par le nord le [&hellip;]<\/p>\n","protected":false},"author":1,"featured_media":248,"comment_status":"open","ping_status":"open","sticky":false,"template":"","format":"standard","meta":{"site-sidebar-layout":"default","site-content-layout":"","ast-site-content-layout":"default","site-content-style":"default","site-sidebar-style":"default","ast-global-header-display":"","ast-banner-title-visibility":"","ast-main-header-display":"","ast-hfb-above-header-display":"","ast-hfb-below-header-display":"","ast-hfb-mobile-header-display":"","site-post-title":"","ast-breadcrumbs-content":"","ast-featured-img":"","footer-sml-layout":"","ast-disable-related-posts":"","theme-transparent-header-meta":"","adv-header-id-meta":"","stick-header-meta":"","header-above-stick-meta":"","header-main-stick-meta":"","header-below-stick-meta":"","astra-migrate-meta-layouts":"default","ast-page-background-enabled":"default","ast-page-background-meta":{"desktop":{"background-color":"var(--ast-global-color-4)","background-image":"","background-repeat":"repeat","background-position":"center center","background-size":"auto","background-attachment":"scroll","background-type":"","background-media":"","overlay-type":"","overlay-color":"","overlay-opacity":"","overlay-gradient":""},"tablet":{"background-color":"","background-image":"","background-repeat":"repeat","background-position":"center center","background-size":"auto","background-attachment":"scroll","background-type":"","background-media":"","overlay-type":"","overlay-color":"","overlay-opacity":"","overlay-gradient":""},"mobile":{"background-color":"","background-image":"","background-repeat":"repeat","background-position":"center center","background-size":"auto","background-attachment":"scroll","background-type":"","background-media":"","overlay-type":"","overlay-color":"","overlay-opacity":"","overlay-gradient":""}},"ast-content-background-meta":{"desktop":{"background-color":"var(--ast-global-color-5)","background-image":"","background-repeat":"repeat","background-position":"center center","background-size":"auto","background-attachment":"scroll","background-type":"","background-media":"","overlay-type":"","overlay-color":"","overlay-opacity":"","overlay-gradient":""},"tablet":{"background-color":"var(--ast-global-color-5)","background-image":"","background-repeat":"repeat","background-position":"center center","background-size":"auto","background-attachment":"scroll","background-type":"","background-media":"","overlay-type":"","overlay-color":"","overlay-opacity":"","overlay-gradient":""},"mobile":{"background-color":"var(--ast-global-color-5)","background-image":"","background-repeat":"repeat","background-position":"center center","background-size":"auto","background-attachment":"scroll","background-type":"","background-media":"","overlay-type":"","overlay-color":"","overlay-opacity":"","overlay-gradient":""}},"footnotes":""},"categories":[10],"tags":[64,65],"class_list":["post-1226","post","type-post","status-publish","format-standard","has-post-thumbnail","hentry","category-histoire","tag-liberation-de-la-corse","tag-seconde-guerre-mondiale"],"_links":{"self":[{"href":"https:\/\/www.nativu.org\/index.php?rest_route=\/wp\/v2\/posts\/1226","targetHints":{"allow":["GET"]}}],"collection":[{"href":"https:\/\/www.nativu.org\/index.php?rest_route=\/wp\/v2\/posts"}],"about":[{"href":"https:\/\/www.nativu.org\/index.php?rest_route=\/wp\/v2\/types\/post"}],"author":[{"embeddable":true,"href":"https:\/\/www.nativu.org\/index.php?rest_route=\/wp\/v2\/users\/1"}],"replies":[{"embeddable":true,"href":"https:\/\/www.nativu.org\/index.php?rest_route=%2Fwp%2Fv2%2Fcomments&post=1226"}],"version-history":[{"count":2,"href":"https:\/\/www.nativu.org\/index.php?rest_route=\/wp\/v2\/posts\/1226\/revisions"}],"predecessor-version":[{"id":1715,"href":"https:\/\/www.nativu.org\/index.php?rest_route=\/wp\/v2\/posts\/1226\/revisions\/1715"}],"wp:featuredmedia":[{"embeddable":true,"href":"https:\/\/www.nativu.org\/index.php?rest_route=\/wp\/v2\/media\/248"}],"wp:attachment":[{"href":"https:\/\/www.nativu.org\/index.php?rest_route=%2Fwp%2Fv2%2Fmedia&parent=1226"}],"wp:term":[{"taxonomy":"category","embeddable":true,"href":"https:\/\/www.nativu.org\/index.php?rest_route=%2Fwp%2Fv2%2Fcategories&post=1226"},{"taxonomy":"post_tag","embeddable":true,"href":"https:\/\/www.nativu.org\/index.php?rest_route=%2Fwp%2Fv2%2Ftags&post=1226"}],"curies":[{"name":"wp","href":"https:\/\/api.w.org\/{rel}","templated":true}]}}